{"id":672,"date":"2023-05-04T10:08:32","date_gmt":"2023-05-04T08:08:32","guid":{"rendered":"https:\/\/www.emkap1926.com\/?p=672"},"modified":"2026-02-04T19:19:50","modified_gmt":"2026-02-04T17:19:50","slug":"koldra-na-lato-jaka-koldra-bedzie-przyjemna-przewiewna-i-zapewni-komfort-w-upalne-letnie-noce","status":"publish","type":"post","link":"https:\/\/www.emkap1926.com\/en\/koldra-na-lato-jaka-koldra-bedzie-przyjemna-przewiewna-i-zapewni-komfort-w-upalne-letnie-noce\/","title":{"rendered":"Ko\u0142dra na lato. Jaka ko\u0142dra b\u0119dzie przyjemna, przewiewna i zapewni komfort w upalne letnie noce?"},"content":{"rendered":"<p class=\"wp-block-paragraph\">Jak\u0105 ko\u0142dr\u0119 wybra\u0107 na nadchodz\u0105cy ciep\u0142y, wiosenno-letni sezon? Przede wszystkim tak\u0105, pod kt\u00f3r\u0105 b\u0119dzie przyjemnie, przewiewnie i ch\u0142odno. Dobry, mocny i niczym niezak\u0142\u00f3cony sen pozwala organizmowi na regeneracj\u0119. Cz\u0119sto latem temperatury w nocy s\u0105 wysokie zak\u0142\u00f3caj\u0105c&nbsp;nam odpoczynek i utrudniaj\u0105c zasypianie. <\/p>\n\n\n<h2 style=\"color: #a47923;\">Dlaczego warto zmienia\u0107\u00a0ko\u0142dry w zale\u017cno\u015bci od pory roku?<\/h2>\n\n\n<p class=\"wp-block-paragraph\">Odpowiednia&nbsp;temperatura&nbsp;naszego&nbsp;cia\u0142a jest kluczowym czynnikiem wp\u0142ywaj\u0105cym na \u0142atwo\u015b\u0107 zasypiania i jako\u015b\u0107&nbsp;uzyskanego snu. Aby nasze cia\u0142o by\u0142o gotowe&nbsp;do snu, musi zaj\u015b\u0107&nbsp;w nim&nbsp;kilka fizjologicznych&nbsp;zmian. Potrzebujemy, aby nasza temperatura cia\u0142a spad\u0142a o 1-2 stopnie,&nbsp;nasz oddech zwolni\u0142&nbsp;a mi\u0119\u015bnie si\u0119 zrelaksowa\u0142y. Je\u015bli temperatura naszego cia\u0142a jest zbyt wysoka,&nbsp;organizm odczytuje to jako sygna\u0142 do pozostania&nbsp;czujnym. Spadek temperatury cia\u0142a uaktywnia kom\u00f3rki termoczu\u0142e w m\u00f3zgu. Wysy\u0142aj\u0105 one sygna\u0142 do j\u0105dra nadskrzy\u017cowaniowego (to taki nasz 24-godzinny zegar biologiczny) do wieczornej produkcji melatoniny a wraz z ni\u0105 do snu. Poziom melatoniny jest uzale\u017cniony zatem nie tylko od spadku ilo\u015bci \u015bwiat\u0142a wieczorem ale r\u00f3wnie\u017c od spadku temperatury \u2013 te dwa czynniki s\u0105 kluczowe dla procesu zasypiania.<\/p>\n\n\n\n<p class=\"wp-block-paragraph\">Ko\u0142dra letnia pomo\u017ce w wyregulowaniu naszej temperatury cia\u0142a i zapewni przytulno\u015b\u0107&nbsp;bez uczucia przegrzania.&nbsp;<\/p>\n\n\n\n<h2 class=\"wp-block-heading has-text-color\" id=\"h-jaka-koldra-sprawdzi-sie-najlepiej\" style=\"color:#af8a3e\">Jaka ko\u0142dra sprawdzi si\u0119 najlepiej?<\/h2>\n\n\n\n<ul class=\"wp-block-list\">\n<li>100% naturalna<\/li>\n\n\n\n<li>przewiewna- zapewniaj\u0105ca doskona\u0142\u0105 cyrkulacj\u0119 powietrza<\/li>\n\n\n\n<li>zapewniaj\u0105ca odprowadzanie wilgoci<\/li>\n\n\n\n<li>ultralekka (niska waga ko\u0142dry) a przy tym wyj\u0105tkowo komfortowo otulaj\u0105ca rozgrzane cia\u0142o<\/li>\n\n\n\n<li>dostosowuj\u0105ca si\u0119 do temperatury cia\u0142a (nad ranem jest ch\u0142odniej)<\/li>\n<\/ul>\n\n\n<h2 class=\"\" style=\"color: #a47923;\">Dlaczego to w\u0142a\u015bnie naturalna ko\u0142dra wype\u0142niona puchem zapewnia komfort podczas gor\u0105cych nocy?<\/h2>\n\n\n<p class=\"wp-block-paragraph\">Sekret tkwi we w\u0142a\u015bciwo\u015bciach i strukturze puchu - pojedynczy k\u0142\u0119bek puchu ma nieregularn\u0105, tr\u00f3jwymiarow\u0105 struktur\u0119, przypominaj\u0105c\u0105 p\u0142atek \u015bniegu. To w\u0142a\u015bnie wolne przestrzenie pomi\u0119dzy krzywiznami w\u0142\u00f3kna puchu gromadz\u0105 powietrze, tworz\u0105c naturaln\u0105 barier\u0119 chroni\u0105c\u0105 przed zimnem i gor\u0105cem, zapewniaj\u0105 termoregulacj\u0119 i cyrkulacj\u0119 powietrza. W\u0142a\u015bciwo\u015bci puchu sprawiaj\u0105, \u017ce po\u015bciel nim wype\u0142niona ogrzewa nas zim\u0105, a izoluje przed ciep\u0142em latem.<\/p>\n\n\n\n<p class=\"wp-block-paragraph\">Z my\u015bl\u0105 o gor\u0105cym lecie i potrzebie dobrego snu stworzyli\u015bmy puchow\u0105 ko\u0142dr\u0119 w wersji <em>light<\/em> zar\u00f3wno z kolekcji <a href=\"https:\/\/www.emkap1926.com\/en\/product-2\/kolekcja-1926-koldra-puchowa-100-premium-batystowa-wiosna-lato\/?wmc-currency=GBP\">\u201e1926\u201d<\/a> jak i kolekcji \u201e<a href=\"https:\/\/www.emkap1926.com\/en\/product-2\/linia-ewa-premium-heritage-koldra-puchowa-premium-100-puchu-gesiego-na-lato-celebracja-100-lat-doskonalosci-i-tradycji-solidnego-rzemiosla\/?wmc-currency=GBP\">Ewa Premium Heritage<\/a>\u201d. \u00a0<\/p>\n\n\n\n<p class=\"wp-block-paragraph\">Otulone&nbsp; czyst\u0105 bawe\u0142n\u0105, z luksusowym 100% wype\u0142nieniem z naturalnego puchu, odczuwamy przytulno\u015b\u0107 bez przyt\u0142aczaj\u0105cego uczucia gor\u0105ca. Zaprojektowali\u015bmy te ko\u0142dry z odpowiedni\u0105 do wysokich temperatur wag\u0105 puchowego wype\u0142nienia.<\/p>\n\n\n\n<p class=\"wp-block-paragraph\"><\/p>\n\n\n<h2 style=\"color: #a47923;\">Dobrej jako\u015bci ko\u0142dra puchowa to inwestycja przyjazna dla \u015brodowiska.<\/h2>\n\n\n<p class=\"wp-block-paragraph\">Ko\u0142dry szyte r\u0119cznie wed\u0142ug pracoch\u0142onnych, przedwojennych technik to zakup na d\u0142ugie lata. Nie b\u0119dzie potrzeby wymiany naszej ko\u0142dry czy poduch po kilku latach na nowe. Naszym sta\u0142ym klientom oferujemy us\u0142ug\u0119 renowacji ko\u0142der z puchu.<\/p>\n\n\n\n<p class=\"wp-block-paragraph\"><\/p>","protected":false},"excerpt":{"rendered":"<p>Jak\u0105 ko\u0142dr\u0119 wybra\u0107 na nadchodz\u0105cy ciep\u0142y, wiosenno-letni sezon? Przede wszystkim tak\u0105, pod kt\u00f3r\u0105 b\u0119dzie przyjemnie, przewiewnie i ch\u0142odno. Dobry, mocny i niczym niezak\u0142\u00f3cony sen pozwala organizmowi na regeneracj\u0119. Cz\u0119sto latem temperatury w nocy s\u0105 wysokie zak\u0142\u00f3caj\u0105c&nbsp;nam odpoczynek i utrudniaj\u0105c zasypianie. Dlaczego warto zmienia\u0107\u00a0ko\u0142dry w zale\u017cno\u015bci od pory roku? Odpowiednia&nbsp;temperatura&nbsp;naszego&nbsp;cia\u0142a jest kluczowym czynnikiem wp\u0142ywaj\u0105cym na \u0142atwo\u015b\u0107 [&hellip;]<\/p>","protected":false},"author":8,"featured_media":679,"comment_status":"open","ping_status":"open","sticky":false,"template":"","format":"standard","meta":{"_acf_changed":false,"footnotes":"","_members_access_role":[],"_members_access_error":""},"categories":[1],"tags":[],"class_list":["post-672","post","type-post","status-publish","format-standard","has-post-thumbnail","hentry","category-uncategorized"],"acf":[],"yoast_head":"<!-- This site is optimized with the Yoast SEO Premium plugin v18.2.1 (Yoast SEO v28.1) - https:\/\/yoast.com\/product\/yoast-seo-premium-wordpress\/ -->\n<title>Ko\u0142dra na lato. Jaka ko\u0142dra b\u0119dzie przyjemna, przewiewna i zapewni komfort w upalne letnie noce? - Emkap1926<\/title>\n<meta name=\"description\" content=\"Jaka ko\u0142dra b\u0119dzie przyjemna, przewiewna i zapewni komfort w upalne letnie noce? Tylko naturalna ko\u0142dra wype\u0142niona najlepszym 100% puchem zapewni komfort podczas gor\u0105cych nocy.\" \/>\n<meta name=\"robots\" content=\"index, follow, max-snippet:-1, max-image-preview:large, max-video-preview:-1\" \/>\n<link rel=\"canonical\" href=\"https:\/\/www.emkap1926.com\/en\/koldra-na-lato-jaka-koldra-bedzie-przyjemna-przewiewna-i-zapewni-komfort-w-upalne-letnie-noce\/?wmc-currency=GBP\" \/>\n<meta property=\"og:locale\" content=\"en_US\" \/>\n<meta property=\"og:type\" content=\"article\" \/>\n<meta property=\"og:title\" content=\"Ko\u0142dra na lato. Jaka ko\u0142dra b\u0119dzie przyjemna, przewiewna i zapewni komfort w upalne letnie noce?\" \/>\n<meta property=\"og:description\" content=\"Jaka ko\u0142dra b\u0119dzie przyjemna, przewiewna i zapewni komfort w upalne letnie noce? Tylko naturalna ko\u0142dra wype\u0142niona najlepszym 100% puchem zapewni komfort podczas gor\u0105cych nocy.\" \/>\n<meta property=\"og:url\" content=\"https:\/\/www.emkap1926.com\/en\/koldra-na-lato-jaka-koldra-bedzie-przyjemna-przewiewna-i-zapewni-komfort-w-upalne-letnie-noce\/?wmc-currency=GBP\" \/>\n<meta property=\"og:site_name\" content=\"Emkap1926\" \/>\n<meta property=\"article:publisher\" content=\"https:\/\/www.facebook.com\/emkap1926\" \/>\n<meta property=\"article:published_time\" content=\"2023-05-04T08:08:32+00:00\" \/>\n<meta property=\"article:modified_time\" content=\"2026-02-04T17:19:50+00:00\" \/>\n<meta property=\"og:image\" content=\"https:\/\/www.emkap1926.com\/wp-content\/uploads\/2023\/05\/emkap-12-17.29.49.jpg\" \/>\n\t<meta property=\"og:image:width\" content=\"1333\" \/>\n\t<meta property=\"og:image:height\" content=\"2000\" \/>\n\t<meta property=\"og:image:type\" content=\"image\/jpeg\" \/>\n<meta name=\"author\" content=\"Joanna Byrt\" \/>\n<meta name=\"twitter:card\" content=\"summary_large_image\" \/>\n<meta name=\"twitter:label1\" content=\"Written by\" \/>\n\t<meta name=\"twitter:data1\" content=\"Joanna Byrt\" \/>\n\t<meta name=\"twitter:label2\" content=\"Est. reading time\" \/>\n\t<meta name=\"twitter:data2\" content=\"3 minutes\" \/>\n<script type=\"application\/ld+json\" class=\"yoast-schema-graph\">{\"@context\":\"https:\\\/\\\/schema.org\",\"@graph\":[{\"@type\":\"Article\",\"@id\":\"https:\\\/\\\/www.emkap1926.com\\\/koldra-na-lato-jaka-koldra-bedzie-przyjemna-przewiewna-i-zapewni-komfort-w-upalne-letnie-noce\\\/#article\",\"isPartOf\":{\"@id\":\"https:\\\/\\\/www.emkap1926.com\\\/koldra-na-lato-jaka-koldra-bedzie-przyjemna-przewiewna-i-zapewni-komfort-w-upalne-letnie-noce\\\/\"},\"author\":{\"name\":\"Joanna Byrt\",\"@id\":\"https:\\\/\\\/www.emkap1926.com\\\/#\\\/schema\\\/person\\\/f37a0408af7e26387482fc0b74f6c4e5\"},\"headline\":\"Ko\u0142dra na lato. Jaka ko\u0142dra b\u0119dzie przyjemna, przewiewna i zapewni komfort w upalne letnie noce?\",\"datePublished\":\"2023-05-04T08:08:32+00:00\",\"dateModified\":\"2026-02-04T17:19:50+00:00\",\"mainEntityOfPage\":{\"@id\":\"https:\\\/\\\/www.emkap1926.com\\\/koldra-na-lato-jaka-koldra-bedzie-przyjemna-przewiewna-i-zapewni-komfort-w-upalne-letnie-noce\\\/\"},\"wordCount\":508,\"commentCount\":0,\"publisher\":{\"@id\":\"https:\\\/\\\/www.emkap1926.com\\\/#organization\"},\"image\":{\"@id\":\"https:\\\/\\\/www.emkap1926.com\\\/koldra-na-lato-jaka-koldra-bedzie-przyjemna-przewiewna-i-zapewni-komfort-w-upalne-letnie-noce\\\/#primaryimage\"},\"thumbnailUrl\":\"https:\\\/\\\/www.emkap1926.com\\\/wp-content\\\/uploads\\\/2023\\\/05\\\/emkap-12-17.29.49.jpg\",\"inLanguage\":\"en-UK\",\"potentialAction\":[{\"@type\":\"CommentAction\",\"name\":\"Comment\",\"target\":[\"https:\\\/\\\/www.emkap1926.com\\\/koldra-na-lato-jaka-koldra-bedzie-przyjemna-przewiewna-i-zapewni-komfort-w-upalne-letnie-noce\\\/#respond\"]}]},{\"@type\":\"WebPage\",\"@id\":\"https:\\\/\\\/www.emkap1926.com\\\/koldra-na-lato-jaka-koldra-bedzie-przyjemna-przewiewna-i-zapewni-komfort-w-upalne-letnie-noce\\\/\",\"url\":\"https:\\\/\\\/www.emkap1926.com\\\/koldra-na-lato-jaka-koldra-bedzie-przyjemna-przewiewna-i-zapewni-komfort-w-upalne-letnie-noce\\\/\",\"name\":\"Ko\u0142dra na lato. Jaka ko\u0142dra b\u0119dzie przyjemna, przewiewna i zapewni komfort w upalne letnie noce? - Emkap1926\",\"isPartOf\":{\"@id\":\"https:\\\/\\\/www.emkap1926.com\\\/#website\"},\"primaryImageOfPage\":{\"@id\":\"https:\\\/\\\/www.emkap1926.com\\\/koldra-na-lato-jaka-koldra-bedzie-przyjemna-przewiewna-i-zapewni-komfort-w-upalne-letnie-noce\\\/#primaryimage\"},\"image\":{\"@id\":\"https:\\\/\\\/www.emkap1926.com\\\/koldra-na-lato-jaka-koldra-bedzie-przyjemna-przewiewna-i-zapewni-komfort-w-upalne-letnie-noce\\\/#primaryimage\"},\"thumbnailUrl\":\"https:\\\/\\\/www.emkap1926.com\\\/wp-content\\\/uploads\\\/2023\\\/05\\\/emkap-12-17.29.49.jpg\",\"datePublished\":\"2023-05-04T08:08:32+00:00\",\"dateModified\":\"2026-02-04T17:19:50+00:00\",\"description\":\"Jaka ko\u0142dra b\u0119dzie przyjemna, przewiewna i zapewni komfort w upalne letnie noce? Tylko naturalna ko\u0142dra wype\u0142niona najlepszym 100% puchem zapewni komfort podczas gor\u0105cych nocy.\",\"breadcrumb\":{\"@id\":\"https:\\\/\\\/www.emkap1926.com\\\/koldra-na-lato-jaka-koldra-bedzie-przyjemna-przewiewna-i-zapewni-komfort-w-upalne-letnie-noce\\\/#breadcrumb\"},\"inLanguage\":\"en-UK\",\"potentialAction\":[{\"@type\":\"ReadAction\",\"target\":[\"https:\\\/\\\/www.emkap1926.com\\\/koldra-na-lato-jaka-koldra-bedzie-przyjemna-przewiewna-i-zapewni-komfort-w-upalne-letnie-noce\\\/\"]}]},{\"@type\":\"ImageObject\",\"inLanguage\":\"en-UK\",\"@id\":\"https:\\\/\\\/www.emkap1926.com\\\/koldra-na-lato-jaka-koldra-bedzie-przyjemna-przewiewna-i-zapewni-komfort-w-upalne-letnie-noce\\\/#primaryimage\",\"url\":\"https:\\\/\\\/www.emkap1926.com\\\/wp-content\\\/uploads\\\/2023\\\/05\\\/emkap-12-17.29.49.jpg\",\"contentUrl\":\"https:\\\/\\\/www.emkap1926.com\\\/wp-content\\\/uploads\\\/2023\\\/05\\\/emkap-12-17.29.49.jpg\",\"width\":1333,\"height\":2000},{\"@type\":\"BreadcrumbList\",\"@id\":\"https:\\\/\\\/www.emkap1926.com\\\/koldra-na-lato-jaka-koldra-bedzie-przyjemna-przewiewna-i-zapewni-komfort-w-upalne-letnie-noce\\\/#breadcrumb\",\"itemListElement\":[{\"@type\":\"ListItem\",\"position\":1,\"name\":\"Strona g\u0142\u00f3wna\",\"item\":\"https:\\\/\\\/www.emkap1926.com\\\/\"},{\"@type\":\"ListItem\",\"position\":2,\"name\":\"Ko\u0142dra na lato. Jaka ko\u0142dra b\u0119dzie przyjemna, przewiewna i zapewni komfort w upalne letnie noce?\"}]},{\"@type\":\"WebSite\",\"@id\":\"https:\\\/\\\/www.emkap1926.com\\\/#website\",\"url\":\"https:\\\/\\\/www.emkap1926.com\\\/\",\"name\":\"Emkap1926\",\"description\":\"Najlepsze r\u0119cznie szyte ko\u0142dry puchowe\",\"publisher\":{\"@id\":\"https:\\\/\\\/www.emkap1926.com\\\/#organization\"},\"potentialAction\":[{\"@type\":\"SearchAction\",\"target\":{\"@type\":\"EntryPoint\",\"urlTemplate\":\"https:\\\/\\\/www.emkap1926.com\\\/?s={search_term_string}\"},\"query-input\":{\"@type\":\"PropertyValueSpecification\",\"valueRequired\":true,\"valueName\":\"search_term_string\"}}],\"inLanguage\":\"en-UK\"},{\"@type\":\"Organization\",\"@id\":\"https:\\\/\\\/www.emkap1926.com\\\/#organization\",\"name\":\"Emkap1926\",\"url\":\"https:\\\/\\\/www.emkap1926.com\\\/\",\"logo\":{\"@type\":\"ImageObject\",\"inLanguage\":\"en-UK\",\"@id\":\"https:\\\/\\\/www.emkap1926.com\\\/#\\\/schema\\\/logo\\\/image\\\/\",\"url\":\"https:\\\/\\\/www.emkap1926.com\\\/wp-content\\\/uploads\\\/2022\\\/06\\\/logo-e1660324865374.jpg\",\"contentUrl\":\"https:\\\/\\\/www.emkap1926.com\\\/wp-content\\\/uploads\\\/2022\\\/06\\\/logo-e1660324865374.jpg\",\"width\":500,\"height\":328,\"caption\":\"Emkap1926\"},\"image\":{\"@id\":\"https:\\\/\\\/www.emkap1926.com\\\/#\\\/schema\\\/logo\\\/image\\\/\"},\"sameAs\":[\"https:\\\/\\\/www.facebook.com\\\/emkap1926\",\"https:\\\/\\\/www.instagram.com\\\/emkap1926\\\/\"]},{\"@type\":\"Person\",\"@id\":\"https:\\\/\\\/www.emkap1926.com\\\/#\\\/schema\\\/person\\\/f37a0408af7e26387482fc0b74f6c4e5\",\"name\":\"Joanna Byrt\",\"description\":\"Joanna Byrt, ekspertka w dziedzinie neurobiologii snu i promotorka idei zdrowego, pe\u0142nowarto\u015bciowego wypoczynku. Absolwentka specjalistycznych kurs\u00f3w Massachusetts Institute of Technology (MIT) z zakresu neurobiologii snu, obejmuj\u0105cych kom\u00f3rkowe i fizjologiczne mechanizmy reguluj\u0105ce rytm snu i czuwania. Pasjonatka idei slow living i koncepcji slow home \u2013 wierzy, \u017ce zdrowy sen jest fundamentem dobrostanu, a \u015bwiadome kszta\u0142towanie przestrzeni domowej ma realny wp\u0142yw na regeneracj\u0119 uk\u0142adu nerwowego i jako\u015b\u0107 \u017cycia.\",\"url\":\"https:\\\/\\\/www.emkap1926.com\\\/en\\\/author\\\/joanna-byrt\\\/\"}]}<\/script>\n<!-- \/ Yoast SEO Premium plugin. -->","yoast_head_json":{"title":"Ko\u0142dra na lato. Jaka ko\u0142dra b\u0119dzie przyjemna, przewiewna i zapewni komfort w upalne letnie noce? - Emkap1926","description":"Jaka ko\u0142dra b\u0119dzie przyjemna, przewiewna i zapewni komfort w upalne letnie noce? Tylko naturalna ko\u0142dra wype\u0142niona najlepszym 100% puchem zapewni komfort podczas gor\u0105cych nocy.","robots":{"index":"index","follow":"follow","max-snippet":"max-snippet:-1","max-image-preview":"max-image-preview:large","max-video-preview":"max-video-preview:-1"},"canonical":"https:\/\/www.emkap1926.com\/en\/koldra-na-lato-jaka-koldra-bedzie-przyjemna-przewiewna-i-zapewni-komfort-w-upalne-letnie-noce\/?wmc-currency=GBP","og_locale":"en_US","og_type":"article","og_title":"Ko\u0142dra na lato. Jaka ko\u0142dra b\u0119dzie przyjemna, przewiewna i zapewni komfort w upalne letnie noce?","og_description":"Jaka ko\u0142dra b\u0119dzie przyjemna, przewiewna i zapewni komfort w upalne letnie noce? Tylko naturalna ko\u0142dra wype\u0142niona najlepszym 100% puchem zapewni komfort podczas gor\u0105cych nocy.","og_url":"https:\/\/www.emkap1926.com\/en\/koldra-na-lato-jaka-koldra-bedzie-przyjemna-przewiewna-i-zapewni-komfort-w-upalne-letnie-noce\/?wmc-currency=GBP","og_site_name":"Emkap1926","article_publisher":"https:\/\/www.facebook.com\/emkap1926","article_published_time":"2023-05-04T08:08:32+00:00","article_modified_time":"2026-02-04T17:19:50+00:00","og_image":[{"width":1333,"height":2000,"url":"https:\/\/www.emkap1926.com\/wp-content\/uploads\/2023\/05\/emkap-12-17.29.49.jpg","type":"image\/jpeg"}],"author":"Joanna Byrt","twitter_card":"summary_large_image","twitter_misc":{"Written by":"Joanna Byrt","Est. reading time":"3 minutes"},"schema":{"@context":"https:\/\/schema.org","@graph":[{"@type":"Article","@id":"https:\/\/www.emkap1926.com\/koldra-na-lato-jaka-koldra-bedzie-przyjemna-przewiewna-i-zapewni-komfort-w-upalne-letnie-noce\/#article","isPartOf":{"@id":"https:\/\/www.emkap1926.com\/koldra-na-lato-jaka-koldra-bedzie-przyjemna-przewiewna-i-zapewni-komfort-w-upalne-letnie-noce\/"},"author":{"name":"Joanna Byrt","@id":"https:\/\/www.emkap1926.com\/#\/schema\/person\/f37a0408af7e26387482fc0b74f6c4e5"},"headline":"Ko\u0142dra na lato. Jaka ko\u0142dra b\u0119dzie przyjemna, przewiewna i zapewni komfort w upalne letnie noce?","datePublished":"2023-05-04T08:08:32+00:00","dateModified":"2026-02-04T17:19:50+00:00","mainEntityOfPage":{"@id":"https:\/\/www.emkap1926.com\/koldra-na-lato-jaka-koldra-bedzie-przyjemna-przewiewna-i-zapewni-komfort-w-upalne-letnie-noce\/"},"wordCount":508,"commentCount":0,"publisher":{"@id":"https:\/\/www.emkap1926.com\/#organization"},"image":{"@id":"https:\/\/www.emkap1926.com\/koldra-na-lato-jaka-koldra-bedzie-przyjemna-przewiewna-i-zapewni-komfort-w-upalne-letnie-noce\/#primaryimage"},"thumbnailUrl":"https:\/\/www.emkap1926.com\/wp-content\/uploads\/2023\/05\/emkap-12-17.29.49.jpg","inLanguage":"en-UK","potentialAction":[{"@type":"CommentAction","name":"Comment","target":["https:\/\/www.emkap1926.com\/koldra-na-lato-jaka-koldra-bedzie-przyjemna-przewiewna-i-zapewni-komfort-w-upalne-letnie-noce\/#respond"]}]},{"@type":"WebPage","@id":"https:\/\/www.emkap1926.com\/koldra-na-lato-jaka-koldra-bedzie-przyjemna-przewiewna-i-zapewni-komfort-w-upalne-letnie-noce\/","url":"https:\/\/www.emkap1926.com\/koldra-na-lato-jaka-koldra-bedzie-przyjemna-przewiewna-i-zapewni-komfort-w-upalne-letnie-noce\/","name":"Ko\u0142dra na lato. Jaka ko\u0142dra b\u0119dzie przyjemna, przewiewna i zapewni komfort w upalne letnie noce? - Emkap1926","isPartOf":{"@id":"https:\/\/www.emkap1926.com\/#website"},"primaryImageOfPage":{"@id":"https:\/\/www.emkap1926.com\/koldra-na-lato-jaka-koldra-bedzie-przyjemna-przewiewna-i-zapewni-komfort-w-upalne-letnie-noce\/#primaryimage"},"image":{"@id":"https:\/\/www.emkap1926.com\/koldra-na-lato-jaka-koldra-bedzie-przyjemna-przewiewna-i-zapewni-komfort-w-upalne-letnie-noce\/#primaryimage"},"thumbnailUrl":"https:\/\/www.emkap1926.com\/wp-content\/uploads\/2023\/05\/emkap-12-17.29.49.jpg","datePublished":"2023-05-04T08:08:32+00:00","dateModified":"2026-02-04T17:19:50+00:00","description":"Jaka ko\u0142dra b\u0119dzie przyjemna, przewiewna i zapewni komfort w upalne letnie noce? Tylko naturalna ko\u0142dra wype\u0142niona najlepszym 100% puchem zapewni komfort podczas gor\u0105cych nocy.","breadcrumb":{"@id":"https:\/\/www.emkap1926.com\/koldra-na-lato-jaka-koldra-bedzie-przyjemna-przewiewna-i-zapewni-komfort-w-upalne-letnie-noce\/#breadcrumb"},"inLanguage":"en-UK","potentialAction":[{"@type":"ReadAction","target":["https:\/\/www.emkap1926.com\/koldra-na-lato-jaka-koldra-bedzie-przyjemna-przewiewna-i-zapewni-komfort-w-upalne-letnie-noce\/"]}]},{"@type":"ImageObject","inLanguage":"en-UK","@id":"https:\/\/www.emkap1926.com\/koldra-na-lato-jaka-koldra-bedzie-przyjemna-przewiewna-i-zapewni-komfort-w-upalne-letnie-noce\/#primaryimage","url":"https:\/\/www.emkap1926.com\/wp-content\/uploads\/2023\/05\/emkap-12-17.29.49.jpg","contentUrl":"https:\/\/www.emkap1926.com\/wp-content\/uploads\/2023\/05\/emkap-12-17.29.49.jpg","width":1333,"height":2000},{"@type":"BreadcrumbList","@id":"https:\/\/www.emkap1926.com\/koldra-na-lato-jaka-koldra-bedzie-przyjemna-przewiewna-i-zapewni-komfort-w-upalne-letnie-noce\/#breadcrumb","itemListElement":[{"@type":"ListItem","position":1,"name":"Strona g\u0142\u00f3wna","item":"https:\/\/www.emkap1926.com\/"},{"@type":"ListItem","position":2,"name":"Ko\u0142dra na lato. Jaka ko\u0142dra b\u0119dzie przyjemna, przewiewna i zapewni komfort w upalne letnie noce?"}]},{"@type":"WebSite","@id":"https:\/\/www.emkap1926.com\/#website","url":"https:\/\/www.emkap1926.com\/","name":"Emkap1926","description":"Najlepsze r\u0119cznie szyte ko\u0142dry puchowe","publisher":{"@id":"https:\/\/www.emkap1926.com\/#organization"},"potentialAction":[{"@type":"SearchAction","target":{"@type":"EntryPoint","urlTemplate":"https:\/\/www.emkap1926.com\/?s={search_term_string}"},"query-input":{"@type":"PropertyValueSpecification","valueRequired":true,"valueName":"search_term_string"}}],"inLanguage":"en-UK"},{"@type":"Organization","@id":"https:\/\/www.emkap1926.com\/#organization","name":"Emkap1926","url":"https:\/\/www.emkap1926.com\/","logo":{"@type":"ImageObject","inLanguage":"en-UK","@id":"https:\/\/www.emkap1926.com\/#\/schema\/logo\/image\/","url":"https:\/\/www.emkap1926.com\/wp-content\/uploads\/2022\/06\/logo-e1660324865374.jpg","contentUrl":"https:\/\/www.emkap1926.com\/wp-content\/uploads\/2022\/06\/logo-e1660324865374.jpg","width":500,"height":328,"caption":"Emkap1926"},"image":{"@id":"https:\/\/www.emkap1926.com\/#\/schema\/logo\/image\/"},"sameAs":["https:\/\/www.facebook.com\/emkap1926","https:\/\/www.instagram.com\/emkap1926\/"]},{"@type":"Person","@id":"https:\/\/www.emkap1926.com\/#\/schema\/person\/f37a0408af7e26387482fc0b74f6c4e5","name":"Joanna Byrt","description":"Joanna Byrt, ekspertka w dziedzinie neurobiologii snu i promotorka idei zdrowego, pe\u0142nowarto\u015bciowego wypoczynku. Absolwentka specjalistycznych kurs\u00f3w Massachusetts Institute of Technology (MIT) z zakresu neurobiologii snu, obejmuj\u0105cych kom\u00f3rkowe i fizjologiczne mechanizmy reguluj\u0105ce rytm snu i czuwania. Pasjonatka idei slow living i koncepcji slow home \u2013 wierzy, \u017ce zdrowy sen jest fundamentem dobrostanu, a \u015bwiadome kszta\u0142towanie przestrzeni domowej ma realny wp\u0142yw na regeneracj\u0119 uk\u0142adu nerwowego i jako\u015b\u0107 \u017cycia.","url":"https:\/\/www.emkap1926.com\/en\/author\/joanna-byrt\/"}]}},"_links":{"self":[{"href":"https:\/\/www.emkap1926.com\/en\/wp-json\/wp\/v2\/posts\/672","targetHints":{"allow":["GET"]}}],"collection":[{"href":"https:\/\/www.emkap1926.com\/en\/wp-json\/wp\/v2\/posts"}],"about":[{"href":"https:\/\/www.emkap1926.com\/en\/wp-json\/wp\/v2\/types\/post"}],"author":[{"embeddable":true,"href":"https:\/\/www.emkap1926.com\/en\/wp-json\/wp\/v2\/users\/8"}],"replies":[{"embeddable":true,"href":"https:\/\/www.emkap1926.com\/en\/wp-json\/wp\/v2\/comments?post=672"}],"version-history":[{"count":0,"href":"https:\/\/www.emkap1926.com\/en\/wp-json\/wp\/v2\/posts\/672\/revisions"}],"wp:featuredmedia":[{"embeddable":true,"href":"https:\/\/www.emkap1926.com\/en\/wp-json\/wp\/v2\/media\/679"}],"wp:attachment":[{"href":"https:\/\/www.emkap1926.com\/en\/wp-json\/wp\/v2\/media?parent=672"}],"wp:term":[{"taxonomy":"category","embeddable":true,"href":"https:\/\/www.emkap1926.com\/en\/wp-json\/wp\/v2\/categories?post=672"},{"taxonomy":"post_tag","embeddable":true,"href":"https:\/\/www.emkap1926.com\/en\/wp-json\/wp\/v2\/tags?post=672"}],"curies":[{"name":"wp","href":"https:\/\/api.w.org\/{rel}","templated":true}]}}