{"id":1315,"date":"2024-07-04T09:34:45","date_gmt":"2024-07-04T07:34:45","guid":{"rendered":"https:\/\/www.emkap1926.com\/?p=1315"},"modified":"2026-02-12T17:16:22","modified_gmt":"2026-02-12T15:16:22","slug":"koldra-naturalna-czy-syntetyczna-ktora-wybrac","status":"publish","type":"post","link":"https:\/\/www.emkap1926.com\/eu\/koldra-naturalna-czy-syntetyczna-ktora-wybrac\/","title":{"rendered":"Ko\u0142dra naturalna czy syntetyczna? Kt\u00f3r\u0105 wybra\u0107?"},"content":{"rendered":"<p class=\"wp-block-paragraph\">Pytacie nas cz\u0119sto, jaka ko\u0142dra jest lepsza: puchowa czy syntetyczna. Wyb\u00f3r mi\u0119dzy <a href=\"https:\/\/www.emkap1926.com\/eu\/produkty\/koldry-puchowe\/?wmc-currency=EUR\">ko\u0142dr\u0105 puchow\u0105<\/a> a syntetyczn\u0105 zale\u017cy od wielu czynnik\u00f3w. Dokonuj\u0105c wyboru warto wzi\u0105\u0107\u00a0pod uwag\u0119\u00a0sw\u00f3j komfort i wygod\u0119, bud\u017cet, alergie i potrzeby w zakresie piel\u0119gnacji. Oto kilka kluczowych r\u00f3\u017cnic i powod\u00f3w, dla kt\u00f3rych warto rozwa\u017cy\u0107 zakup ko\u0142dry naturalnej:<\/p>\n\n\n\n<h2 class=\"wp-block-heading\" id=\"h-zalety-koldry-puchowej\">Zalety ko\u0142dry puchowej<\/h2>\n\n\n\n<ul class=\"pseudo\" style=\"text-align: left;\">\n<li>Lepsza izolacja: Puch naturalny, szczeg\u00f3lnie g\u0119si, ma doskona\u0142e w\u0142a\u015bciwo\u015bci termoregulacyjne i izolacyjne, dzi\u0119ki czemu ko\u0142dry puchowe s\u0105 bardzo ciep\u0142e i otulaj\u0105\u00a0nas zim\u0105 jednocze\u015bnie izoluj\u0105c nas\u00a0przed nadmiernym ciep\u0142em latem.<\/li>\n<li>Cyrkulacja powietrza, czyli cia\u0142o pod ko\u0142dr\u0105 oddycha: Puch ma naturaln\u0105 zdolno\u015b\u0107 do oddychania, co pomaga regulowa\u0107 temperatur\u0119 cia\u0142a i zapobiega nadmiernemu poceniu si\u0119. Cia\u0142o pod puchow\u0105 ko\u0142dr\u0105 oddycha.<\/li>\n<li>D\u0142ugowieczno\u015b\u0107: Wysokiej jako\u015bci ko\u0142dry puchowe przy odpowiedniej piel\u0119gnacji mog\u0105 s\u0142u\u017cy\u0107 przez wiele dekad. Dla naszych klient\u00f3w posiadamy unikaln\u0105 us\u0142ug\u0119 regeneracji ko\u0142der puchowych po wielu latach u\u017cytkowania. To ekologiczne podej\u015bcie jest nam bardzo bliskie. Naprawiamy, regenerujemy, odnawiamy dla Was. A nasi klienci inwestuj\u0105 w ko\u0142dr\u0119 czy poduszki tylko raz. <\/li>\n<li>Komfort: Puch jest bardzo mi\u0119kki i puszysty, wspaniale otula, przy tym jest lekki i nie daje uczucia przygniecenia.<\/li>\n<li>Ekologia: Puch jest naturalnym produktem, kt\u00f3ry jest biodegradowalny i przyjazny dla \u015brodowiska. Co istotne, zadbana ko\u0142dra puchowa mo\u017ce s\u0142u\u017cy\u0107 ca\u0142e \u017cycie. Ograniczamy w ten spos\u00f3b ilo\u015b\u0107 odpad\u00f3w tekstylnych.<\/li>\n<\/ul>\n\n\n\n<h2 class=\"wp-block-heading\" id=\"h-zalety-koldry-syntetycznej\">Zalety ko\u0142dry syntetycznej<\/h2>\n\n\n\n<ul class=\"pseudo\" style=\"text-align: left;\">\n<li>Hipoalergiczno\u015b\u0107: Ko\u0142dry syntetyczne s\u0105 cz\u0119sto polecane dla os\u00f3b z alergiami.<\/li>\n<li>\u0141atwo\u015b\u0107 piel\u0119gnacji: Ko\u0142dry syntetyczne zazwyczaj mo\u017cna pra\u0107 w pralce, co u\u0142atwia ich czyszczenie.<\/li>\n<li>Koszt: Sztuczne ko\u0142dry zwykle s\u0105 ta\u0144sze ni\u017c ko\u0142dry puchowe, co jest cz\u0119sto czynnikiem decyduj\u0105cym dla os\u00f3b z ograniczonym bud\u017cetem.<\/li>\n<\/ul>\n\n\n\n<h2 class=\"wp-block-heading\" id=\"h-dlaczego-warto-kupic-koldre-naturalna-jaka-koldre-i-poduszke-wybrac\">Dlaczego warto kupi\u0107 ko\u0142dr\u0119 naturaln\u0105? Jak\u0105 ko\u0142dr\u0119 i poduszk\u0119&nbsp;wybra\u0107?<\/h2>\n\n\n\n<ul class=\"pseudo\" style=\"text-align: left;\">\n<li>Komfort i jako\u015b\u0107 snu: Naturalne ko\u0142dry puchowe oferuj\u0105 niezr\u00f3wnany komfort, lekko\u015b\u0107 i zdolno\u015b\u0107 do regulacji temperatury, co przek\u0142ada si\u0119 na lepsz\u0105 jako\u015b\u0107 snu.<\/li>\n<li>D\u0142ugowieczno\u015b\u0107: Cho\u0107 pocz\u0105tkowy koszt jest wy\u017cszy, inwestycja w ko\u0142dr\u0119 puchow\u0105 zdecydowanie op\u0142aca si\u0119 w d\u0142u\u017cszym horyzoncie czasowym. Wysokiej jako\u015bci, uszyta solidnie puchowa ko\u0142dra to inwestycja na ca\u0142e \u017cycie. Nie trzeba b\u0119dzie jej wymienia\u0107\u00a0po kilku latach na now\u0105.<\/li>\n<li>Ekologia: Ko\u0142dry puchowe s\u0105 zdecydowanie przyjazne dla \u015brodowiska, poniewa\u017c s\u0105 biodegradowalne i trwa\u0142e, co przek\u0142ada si\u0119\u00a0na mniejsz\u0105 ilo\u015b\u0107 odpad\u00f3w tekstylnych.<\/li>\n<li>Jako\u015b\u0107: Puchowe ko\u0142dry cz\u0119sto s\u0105 postrzegane jako produkt premium, oferuj\u0105cy luksusowy wygl\u0105d i uczucie niezr\u00f3wnanego komfortu.<\/li>\n<\/ul>\n\n\n\n<p class=\"wp-block-paragraph\">Na pytanie \u201eko\u0142dra puchowa czy syntetyczna?\u201d odpowiadamy: to zale\u017cy. Wyb\u00f3r zale\u017cy od indywidualnych potrzeb i preferencji. Ko\u0142dry puchowe s\u0105 idealne dla tych, kt\u00f3rzy szukaj\u0105 maksymalnego komfortu, d\u0142ugowieczno\u015bci , ekologicznego podej\u015bcia i naturalnych oddychaj\u0105cych materia\u0142\u00f3w. Ko\u0142dry syntetyczne s\u0105 natomiast dobrym wyborem dla os\u00f3b z alergiami, szukaj\u0105cych \u0142atwo\u015bci w piel\u0119gnacji i bardziej ekonomicznego rozwi\u0105zania.<\/p>","protected":false},"excerpt":{"rendered":"<p>Pytacie nas cz\u0119sto, jaka ko\u0142dra jest lepsza: puchowa czy syntetyczna. Wyb\u00f3r mi\u0119dzy ko\u0142dr\u0105 puchow\u0105 a syntetyczn\u0105 zale\u017cy od wielu czynnik\u00f3w. Dokonuj\u0105c wyboru warto wzi\u0105\u0107\u00a0pod uwag\u0119\u00a0sw\u00f3j komfort i wygod\u0119, bud\u017cet, alergie i potrzeby w zakresie piel\u0119gnacji. Oto kilka kluczowych r\u00f3\u017cnic i powod\u00f3w, dla kt\u00f3rych warto rozwa\u017cy\u0107 zakup ko\u0142dry naturalnej: Zalety ko\u0142dry puchowej Lepsza izolacja: Puch naturalny, [&hellip;]<\/p>","protected":false},"author":8,"featured_media":1337,"comment_status":"open","ping_status":"open","sticky":false,"template":"","format":"standard","meta":{"_acf_changed":false,"footnotes":"","_members_access_role":[],"_members_access_error":""},"categories":[1],"tags":[],"class_list":["post-1315","post","type-post","status-publish","format-standard","has-post-thumbnail","hentry","category-uncategorized"],"acf":[],"yoast_head":"<!-- This site is optimized with the Yoast SEO Premium plugin v18.2.1 (Yoast SEO v28.1) - https:\/\/yoast.com\/product\/yoast-seo-premium-wordpress\/ -->\n<title>Ko\u0142dra naturalna czy syntetyczna? Kt\u00f3r\u0105 wybra\u0107? - Emkap1926<\/title>\n<meta name=\"robots\" content=\"index, follow, max-snippet:-1, max-image-preview:large, max-video-preview:-1\" \/>\n<link rel=\"canonical\" href=\"https:\/\/www.emkap1926.com\/eu\/koldra-naturalna-czy-syntetyczna-ktora-wybrac\/?wmc-currency=EUR\" \/>\n<meta property=\"og:locale\" content=\"en_GB\" \/>\n<meta property=\"og:type\" content=\"article\" \/>\n<meta property=\"og:title\" content=\"Ko\u0142dra naturalna czy syntetyczna? Kt\u00f3r\u0105 wybra\u0107?\" \/>\n<meta property=\"og:description\" content=\"Pytacie nas cz\u0119sto, jaka ko\u0142dra jest lepsza: puchowa czy syntetyczna. Wyb\u00f3r mi\u0119dzy ko\u0142dr\u0105 puchow\u0105 a syntetyczn\u0105 zale\u017cy od wielu czynnik\u00f3w. Dokonuj\u0105c wyboru warto wzi\u0105\u0107\u00a0pod uwag\u0119\u00a0sw\u00f3j komfort i wygod\u0119, bud\u017cet, alergie i potrzeby w zakresie piel\u0119gnacji. Oto kilka kluczowych r\u00f3\u017cnic i powod\u00f3w, dla kt\u00f3rych warto rozwa\u017cy\u0107 zakup ko\u0142dry naturalnej: Zalety ko\u0142dry puchowej Lepsza izolacja: Puch naturalny, [&hellip;]\" \/>\n<meta property=\"og:url\" content=\"https:\/\/www.emkap1926.com\/eu\/koldra-naturalna-czy-syntetyczna-ktora-wybrac\/?wmc-currency=EUR\" \/>\n<meta property=\"og:site_name\" content=\"Emkap1926\" \/>\n<meta property=\"article:publisher\" content=\"https:\/\/www.facebook.com\/emkap1926\" \/>\n<meta property=\"article:published_time\" content=\"2024-07-04T07:34:45+00:00\" \/>\n<meta property=\"article:modified_time\" content=\"2026-02-12T15:16:22+00:00\" \/>\n<meta property=\"og:image\" content=\"https:\/\/www.emkap1926.com\/wp-content\/uploads\/2024\/07\/Koldra-naturalna-czy-syntetyczna-Ktora-wybrac.jpg\" \/>\n\t<meta property=\"og:image:width\" content=\"2000\" \/>\n\t<meta property=\"og:image:height\" content=\"1333\" \/>\n\t<meta property=\"og:image:type\" content=\"image\/jpeg\" \/>\n<meta name=\"author\" content=\"Joanna Byrt\" \/>\n<meta name=\"twitter:card\" content=\"summary_large_image\" \/>\n<meta name=\"twitter:label1\" content=\"Written by\" \/>\n\t<meta name=\"twitter:data1\" content=\"Joanna Byrt\" \/>\n\t<meta name=\"twitter:label2\" content=\"Estimated reading time\" \/>\n\t<meta name=\"twitter:data2\" content=\"3 minutes\" \/>\n<script type=\"application\/ld+json\" class=\"yoast-schema-graph\">{\"@context\":\"https:\\\/\\\/schema.org\",\"@graph\":[{\"@type\":\"Article\",\"@id\":\"https:\\\/\\\/www.emkap1926.com\\\/koldra-naturalna-czy-syntetyczna-ktora-wybrac\\\/#article\",\"isPartOf\":{\"@id\":\"https:\\\/\\\/www.emkap1926.com\\\/koldra-naturalna-czy-syntetyczna-ktora-wybrac\\\/\"},\"author\":{\"name\":\"Joanna Byrt\",\"@id\":\"https:\\\/\\\/www.emkap1926.com\\\/#\\\/schema\\\/person\\\/f37a0408af7e26387482fc0b74f6c4e5\"},\"headline\":\"Ko\u0142dra naturalna czy syntetyczna? Kt\u00f3r\u0105 wybra\u0107?\",\"datePublished\":\"2024-07-04T07:34:45+00:00\",\"dateModified\":\"2026-02-12T15:16:22+00:00\",\"mainEntityOfPage\":{\"@id\":\"https:\\\/\\\/www.emkap1926.com\\\/koldra-naturalna-czy-syntetyczna-ktora-wybrac\\\/\"},\"wordCount\":530,\"commentCount\":0,\"publisher\":{\"@id\":\"https:\\\/\\\/www.emkap1926.com\\\/#organization\"},\"image\":{\"@id\":\"https:\\\/\\\/www.emkap1926.com\\\/koldra-naturalna-czy-syntetyczna-ktora-wybrac\\\/#primaryimage\"},\"thumbnailUrl\":\"https:\\\/\\\/www.emkap1926.com\\\/wp-content\\\/uploads\\\/2024\\\/07\\\/Koldra-naturalna-czy-syntetyczna-Ktora-wybrac.jpg\",\"articleSection\":[\"Uncategorized\"],\"inLanguage\":\"en-GB\",\"potentialAction\":[{\"@type\":\"CommentAction\",\"name\":\"Comment\",\"target\":[\"https:\\\/\\\/www.emkap1926.com\\\/koldra-naturalna-czy-syntetyczna-ktora-wybrac\\\/#respond\"]}]},{\"@type\":\"WebPage\",\"@id\":\"https:\\\/\\\/www.emkap1926.com\\\/koldra-naturalna-czy-syntetyczna-ktora-wybrac\\\/\",\"url\":\"https:\\\/\\\/www.emkap1926.com\\\/koldra-naturalna-czy-syntetyczna-ktora-wybrac\\\/\",\"name\":\"Ko\u0142dra naturalna czy syntetyczna? Kt\u00f3r\u0105 wybra\u0107? - Emkap1926\",\"isPartOf\":{\"@id\":\"https:\\\/\\\/www.emkap1926.com\\\/#website\"},\"primaryImageOfPage\":{\"@id\":\"https:\\\/\\\/www.emkap1926.com\\\/koldra-naturalna-czy-syntetyczna-ktora-wybrac\\\/#primaryimage\"},\"image\":{\"@id\":\"https:\\\/\\\/www.emkap1926.com\\\/koldra-naturalna-czy-syntetyczna-ktora-wybrac\\\/#primaryimage\"},\"thumbnailUrl\":\"https:\\\/\\\/www.emkap1926.com\\\/wp-content\\\/uploads\\\/2024\\\/07\\\/Koldra-naturalna-czy-syntetyczna-Ktora-wybrac.jpg\",\"datePublished\":\"2024-07-04T07:34:45+00:00\",\"dateModified\":\"2026-02-12T15:16:22+00:00\",\"breadcrumb\":{\"@id\":\"https:\\\/\\\/www.emkap1926.com\\\/koldra-naturalna-czy-syntetyczna-ktora-wybrac\\\/#breadcrumb\"},\"inLanguage\":\"en-GB\",\"potentialAction\":[{\"@type\":\"ReadAction\",\"target\":[\"https:\\\/\\\/www.emkap1926.com\\\/koldra-naturalna-czy-syntetyczna-ktora-wybrac\\\/\"]}]},{\"@type\":\"ImageObject\",\"inLanguage\":\"en-GB\",\"@id\":\"https:\\\/\\\/www.emkap1926.com\\\/koldra-naturalna-czy-syntetyczna-ktora-wybrac\\\/#primaryimage\",\"url\":\"https:\\\/\\\/www.emkap1926.com\\\/wp-content\\\/uploads\\\/2024\\\/07\\\/Koldra-naturalna-czy-syntetyczna-Ktora-wybrac.jpg\",\"contentUrl\":\"https:\\\/\\\/www.emkap1926.com\\\/wp-content\\\/uploads\\\/2024\\\/07\\\/Koldra-naturalna-czy-syntetyczna-Ktora-wybrac.jpg\",\"width\":2000,\"height\":1333},{\"@type\":\"BreadcrumbList\",\"@id\":\"https:\\\/\\\/www.emkap1926.com\\\/koldra-naturalna-czy-syntetyczna-ktora-wybrac\\\/#breadcrumb\",\"itemListElement\":[{\"@type\":\"ListItem\",\"position\":1,\"name\":\"Strona g\u0142\u00f3wna\",\"item\":\"https:\\\/\\\/www.emkap1926.com\\\/\"},{\"@type\":\"ListItem\",\"position\":2,\"name\":\"Ko\u0142dra naturalna czy syntetyczna? Kt\u00f3r\u0105 wybra\u0107?\"}]},{\"@type\":\"WebSite\",\"@id\":\"https:\\\/\\\/www.emkap1926.com\\\/#website\",\"url\":\"https:\\\/\\\/www.emkap1926.com\\\/\",\"name\":\"Emkap1926\",\"description\":\"Najlepsze r\u0119cznie szyte ko\u0142dry puchowe\",\"publisher\":{\"@id\":\"https:\\\/\\\/www.emkap1926.com\\\/#organization\"},\"potentialAction\":[{\"@type\":\"SearchAction\",\"target\":{\"@type\":\"EntryPoint\",\"urlTemplate\":\"https:\\\/\\\/www.emkap1926.com\\\/?s={search_term_string}\"},\"query-input\":{\"@type\":\"PropertyValueSpecification\",\"valueRequired\":true,\"valueName\":\"search_term_string\"}}],\"inLanguage\":\"en-GB\"},{\"@type\":\"Organization\",\"@id\":\"https:\\\/\\\/www.emkap1926.com\\\/#organization\",\"name\":\"Emkap1926\",\"url\":\"https:\\\/\\\/www.emkap1926.com\\\/\",\"logo\":{\"@type\":\"ImageObject\",\"inLanguage\":\"en-GB\",\"@id\":\"https:\\\/\\\/www.emkap1926.com\\\/#\\\/schema\\\/logo\\\/image\\\/\",\"url\":\"https:\\\/\\\/www.emkap1926.com\\\/wp-content\\\/uploads\\\/2022\\\/06\\\/logo-e1660324865374.jpg\",\"contentUrl\":\"https:\\\/\\\/www.emkap1926.com\\\/wp-content\\\/uploads\\\/2022\\\/06\\\/logo-e1660324865374.jpg\",\"width\":500,\"height\":328,\"caption\":\"Emkap1926\"},\"image\":{\"@id\":\"https:\\\/\\\/www.emkap1926.com\\\/#\\\/schema\\\/logo\\\/image\\\/\"},\"sameAs\":[\"https:\\\/\\\/www.facebook.com\\\/emkap1926\",\"https:\\\/\\\/www.instagram.com\\\/emkap1926\\\/\"]},{\"@type\":\"Person\",\"@id\":\"https:\\\/\\\/www.emkap1926.com\\\/#\\\/schema\\\/person\\\/f37a0408af7e26387482fc0b74f6c4e5\",\"name\":\"Joanna Byrt\",\"description\":\"Joanna Byrt, ekspertka w dziedzinie neurobiologii snu i promotorka idei zdrowego, pe\u0142nowarto\u015bciowego wypoczynku. Absolwentka specjalistycznych kurs\u00f3w Massachusetts Institute of Technology (MIT) z zakresu neurobiologii snu, obejmuj\u0105cych kom\u00f3rkowe i fizjologiczne mechanizmy reguluj\u0105ce rytm snu i czuwania. Pasjonatka idei slow living i koncepcji slow home \u2013 wierzy, \u017ce zdrowy sen jest fundamentem dobrostanu, a \u015bwiadome kszta\u0142towanie przestrzeni domowej ma realny wp\u0142yw na regeneracj\u0119 uk\u0142adu nerwowego i jako\u015b\u0107 \u017cycia.\",\"url\":\"https:\\\/\\\/www.emkap1926.com\\\/eu\\\/author\\\/joanna-byrt\\\/\"}]}<\/script>\n<!-- \/ Yoast SEO Premium plugin. -->","yoast_head_json":{"title":"Ko\u0142dra naturalna czy syntetyczna? Kt\u00f3r\u0105 wybra\u0107? - Emkap1926","robots":{"index":"index","follow":"follow","max-snippet":"max-snippet:-1","max-image-preview":"max-image-preview:large","max-video-preview":"max-video-preview:-1"},"canonical":"https:\/\/www.emkap1926.com\/eu\/koldra-naturalna-czy-syntetyczna-ktora-wybrac\/?wmc-currency=EUR","og_locale":"en_GB","og_type":"article","og_title":"Ko\u0142dra naturalna czy syntetyczna? Kt\u00f3r\u0105 wybra\u0107?","og_description":"Pytacie nas cz\u0119sto, jaka ko\u0142dra jest lepsza: puchowa czy syntetyczna. Wyb\u00f3r mi\u0119dzy ko\u0142dr\u0105 puchow\u0105 a syntetyczn\u0105 zale\u017cy od wielu czynnik\u00f3w. Dokonuj\u0105c wyboru warto wzi\u0105\u0107\u00a0pod uwag\u0119\u00a0sw\u00f3j komfort i wygod\u0119, bud\u017cet, alergie i potrzeby w zakresie piel\u0119gnacji. Oto kilka kluczowych r\u00f3\u017cnic i powod\u00f3w, dla kt\u00f3rych warto rozwa\u017cy\u0107 zakup ko\u0142dry naturalnej: Zalety ko\u0142dry puchowej Lepsza izolacja: Puch naturalny, [&hellip;]","og_url":"https:\/\/www.emkap1926.com\/eu\/koldra-naturalna-czy-syntetyczna-ktora-wybrac\/?wmc-currency=EUR","og_site_name":"Emkap1926","article_publisher":"https:\/\/www.facebook.com\/emkap1926","article_published_time":"2024-07-04T07:34:45+00:00","article_modified_time":"2026-02-12T15:16:22+00:00","og_image":[{"width":2000,"height":1333,"url":"https:\/\/www.emkap1926.com\/wp-content\/uploads\/2024\/07\/Koldra-naturalna-czy-syntetyczna-Ktora-wybrac.jpg","type":"image\/jpeg"}],"author":"Joanna Byrt","twitter_card":"summary_large_image","twitter_misc":{"Written by":"Joanna Byrt","Estimated reading time":"3 minutes"},"schema":{"@context":"https:\/\/schema.org","@graph":[{"@type":"Article","@id":"https:\/\/www.emkap1926.com\/koldra-naturalna-czy-syntetyczna-ktora-wybrac\/#article","isPartOf":{"@id":"https:\/\/www.emkap1926.com\/koldra-naturalna-czy-syntetyczna-ktora-wybrac\/"},"author":{"name":"Joanna Byrt","@id":"https:\/\/www.emkap1926.com\/#\/schema\/person\/f37a0408af7e26387482fc0b74f6c4e5"},"headline":"Ko\u0142dra naturalna czy syntetyczna? Kt\u00f3r\u0105 wybra\u0107?","datePublished":"2024-07-04T07:34:45+00:00","dateModified":"2026-02-12T15:16:22+00:00","mainEntityOfPage":{"@id":"https:\/\/www.emkap1926.com\/koldra-naturalna-czy-syntetyczna-ktora-wybrac\/"},"wordCount":530,"commentCount":0,"publisher":{"@id":"https:\/\/www.emkap1926.com\/#organization"},"image":{"@id":"https:\/\/www.emkap1926.com\/koldra-naturalna-czy-syntetyczna-ktora-wybrac\/#primaryimage"},"thumbnailUrl":"https:\/\/www.emkap1926.com\/wp-content\/uploads\/2024\/07\/Koldra-naturalna-czy-syntetyczna-Ktora-wybrac.jpg","articleSection":["Uncategorized"],"inLanguage":"en-GB","potentialAction":[{"@type":"CommentAction","name":"Comment","target":["https:\/\/www.emkap1926.com\/koldra-naturalna-czy-syntetyczna-ktora-wybrac\/#respond"]}]},{"@type":"WebPage","@id":"https:\/\/www.emkap1926.com\/koldra-naturalna-czy-syntetyczna-ktora-wybrac\/","url":"https:\/\/www.emkap1926.com\/koldra-naturalna-czy-syntetyczna-ktora-wybrac\/","name":"Ko\u0142dra naturalna czy syntetyczna? Kt\u00f3r\u0105 wybra\u0107? - Emkap1926","isPartOf":{"@id":"https:\/\/www.emkap1926.com\/#website"},"primaryImageOfPage":{"@id":"https:\/\/www.emkap1926.com\/koldra-naturalna-czy-syntetyczna-ktora-wybrac\/#primaryimage"},"image":{"@id":"https:\/\/www.emkap1926.com\/koldra-naturalna-czy-syntetyczna-ktora-wybrac\/#primaryimage"},"thumbnailUrl":"https:\/\/www.emkap1926.com\/wp-content\/uploads\/2024\/07\/Koldra-naturalna-czy-syntetyczna-Ktora-wybrac.jpg","datePublished":"2024-07-04T07:34:45+00:00","dateModified":"2026-02-12T15:16:22+00:00","breadcrumb":{"@id":"https:\/\/www.emkap1926.com\/koldra-naturalna-czy-syntetyczna-ktora-wybrac\/#breadcrumb"},"inLanguage":"en-GB","potentialAction":[{"@type":"ReadAction","target":["https:\/\/www.emkap1926.com\/koldra-naturalna-czy-syntetyczna-ktora-wybrac\/"]}]},{"@type":"ImageObject","inLanguage":"en-GB","@id":"https:\/\/www.emkap1926.com\/koldra-naturalna-czy-syntetyczna-ktora-wybrac\/#primaryimage","url":"https:\/\/www.emkap1926.com\/wp-content\/uploads\/2024\/07\/Koldra-naturalna-czy-syntetyczna-Ktora-wybrac.jpg","contentUrl":"https:\/\/www.emkap1926.com\/wp-content\/uploads\/2024\/07\/Koldra-naturalna-czy-syntetyczna-Ktora-wybrac.jpg","width":2000,"height":1333},{"@type":"BreadcrumbList","@id":"https:\/\/www.emkap1926.com\/koldra-naturalna-czy-syntetyczna-ktora-wybrac\/#breadcrumb","itemListElement":[{"@type":"ListItem","position":1,"name":"Strona g\u0142\u00f3wna","item":"https:\/\/www.emkap1926.com\/"},{"@type":"ListItem","position":2,"name":"Ko\u0142dra naturalna czy syntetyczna? Kt\u00f3r\u0105 wybra\u0107?"}]},{"@type":"WebSite","@id":"https:\/\/www.emkap1926.com\/#website","url":"https:\/\/www.emkap1926.com\/","name":"Emkap1926","description":"Najlepsze r\u0119cznie szyte ko\u0142dry puchowe","publisher":{"@id":"https:\/\/www.emkap1926.com\/#organization"},"potentialAction":[{"@type":"SearchAction","target":{"@type":"EntryPoint","urlTemplate":"https:\/\/www.emkap1926.com\/?s={search_term_string}"},"query-input":{"@type":"PropertyValueSpecification","valueRequired":true,"valueName":"search_term_string"}}],"inLanguage":"en-GB"},{"@type":"Organization","@id":"https:\/\/www.emkap1926.com\/#organization","name":"Emkap1926","url":"https:\/\/www.emkap1926.com\/","logo":{"@type":"ImageObject","inLanguage":"en-GB","@id":"https:\/\/www.emkap1926.com\/#\/schema\/logo\/image\/","url":"https:\/\/www.emkap1926.com\/wp-content\/uploads\/2022\/06\/logo-e1660324865374.jpg","contentUrl":"https:\/\/www.emkap1926.com\/wp-content\/uploads\/2022\/06\/logo-e1660324865374.jpg","width":500,"height":328,"caption":"Emkap1926"},"image":{"@id":"https:\/\/www.emkap1926.com\/#\/schema\/logo\/image\/"},"sameAs":["https:\/\/www.facebook.com\/emkap1926","https:\/\/www.instagram.com\/emkap1926\/"]},{"@type":"Person","@id":"https:\/\/www.emkap1926.com\/#\/schema\/person\/f37a0408af7e26387482fc0b74f6c4e5","name":"Joanna Byrt","description":"Joanna Byrt, ekspertka w dziedzinie neurobiologii snu i promotorka idei zdrowego, pe\u0142nowarto\u015bciowego wypoczynku. Absolwentka specjalistycznych kurs\u00f3w Massachusetts Institute of Technology (MIT) z zakresu neurobiologii snu, obejmuj\u0105cych kom\u00f3rkowe i fizjologiczne mechanizmy reguluj\u0105ce rytm snu i czuwania. Pasjonatka idei slow living i koncepcji slow home \u2013 wierzy, \u017ce zdrowy sen jest fundamentem dobrostanu, a \u015bwiadome kszta\u0142towanie przestrzeni domowej ma realny wp\u0142yw na regeneracj\u0119 uk\u0142adu nerwowego i jako\u015b\u0107 \u017cycia.","url":"https:\/\/www.emkap1926.com\/eu\/author\/joanna-byrt\/"}]}},"_links":{"self":[{"href":"https:\/\/www.emkap1926.com\/eu\/wp-json\/wp\/v2\/posts\/1315","targetHints":{"allow":["GET"]}}],"collection":[{"href":"https:\/\/www.emkap1926.com\/eu\/wp-json\/wp\/v2\/posts"}],"about":[{"href":"https:\/\/www.emkap1926.com\/eu\/wp-json\/wp\/v2\/types\/post"}],"author":[{"embeddable":true,"href":"https:\/\/www.emkap1926.com\/eu\/wp-json\/wp\/v2\/users\/8"}],"replies":[{"embeddable":true,"href":"https:\/\/www.emkap1926.com\/eu\/wp-json\/wp\/v2\/comments?post=1315"}],"version-history":[{"count":0,"href":"https:\/\/www.emkap1926.com\/eu\/wp-json\/wp\/v2\/posts\/1315\/revisions"}],"wp:featuredmedia":[{"embeddable":true,"href":"https:\/\/www.emkap1926.com\/eu\/wp-json\/wp\/v2\/media\/1337"}],"wp:attachment":[{"href":"https:\/\/www.emkap1926.com\/eu\/wp-json\/wp\/v2\/media?parent=1315"}],"wp:term":[{"taxonomy":"category","embeddable":true,"href":"https:\/\/www.emkap1926.com\/eu\/wp-json\/wp\/v2\/categories?post=1315"},{"taxonomy":"post_tag","embeddable":true,"href":"https:\/\/www.emkap1926.com\/eu\/wp-json\/wp\/v2\/tags?post=1315"}],"curies":[{"name":"wp","href":"https:\/\/api.w.org\/{rel}","templated":true}]}}