{"id":672,"date":"2023-05-04T10:08:32","date_gmt":"2023-05-04T08:08:32","guid":{"rendered":"https:\/\/www.emkap1926.com\/?p=672"},"modified":"2026-02-04T19:19:50","modified_gmt":"2026-02-04T17:19:50","slug":"koldra-na-lato-jaka-koldra-bedzie-przyjemna-przewiewna-i-zapewni-komfort-w-upalne-letnie-noce","status":"publish","type":"post","link":"https:\/\/www.emkap1926.com\/eu\/koldra-na-lato-jaka-koldra-bedzie-przyjemna-przewiewna-i-zapewni-komfort-w-upalne-letnie-noce\/","title":{"rendered":"A duvet for summer. What kind of duvet will be pleasant, airy and provide comfort on hot summer nights?"},"content":{"rendered":"<p class=\"wp-block-paragraph\">What kind of duvet to choose for the upcoming warm spring-summer season? \nFirst of all, one under which it will be pleasant, airy and cool.\nA good and undisturbed sleep allows the body to regenerate. Often in summer, temperatures at night are high disturbing our rest and making it difficult to fall asleep. <\/p>\n\n\n<h2 style=\"color: #a47923;\">Why change duvets depending on the season?<\/h2>\n\n\n<p class=\"wp-block-paragraph\">Our body temperature is a key factor in getting a good night\u2019s sleep. In order for our body to get ready for sleep we need several physiological changes to occur. Our core body temperature needs to drop by 1-2 degrees Celsius, we need our breathing to slow down and for our muscles to relax.  If our body temperature is too high, it signals that we need to stay alert and awake. A drop in body temperature activates thermosensitive cells in the brain. They send a signal to the suprachiasmatic nucleus (that's kind of our 24-hour biological clock) for evening melatonin production and with it sleep. Thus, melatonin levels depend not only on the decrease in light in the evening but also on the decrease in temperature - these two factors are crucial to the process of falling asleep.<\/p>\n\n\n\n<p class=\"wp-block-paragraph\">A summer duvet will help regulate our body temperature and keep us cozy without feeling overheated.&nbsp;<\/p>\n\n\n\n<h2 class=\"wp-block-heading has-text-color\" id=\"h-jaka-koldra-sprawdzi-sie-najlepiej\" style=\"color:#af8a3e\">What kind of duvet will work best?<\/h2>\n\n\n\n<ul class=\"wp-block-list\">\n<li>100% natural<\/li>\n\n\n\n<li>airy, providing excellent air circulation<\/li>\n\n\n\n<li>ensuring drainage of moisture<\/li>\n\n\n\n<li>ultralight (low weight of the duvet) and at the same time extremely comfortable wrapping the heated body<\/li>\n\n\n\n<li>adapting to body temperature (in the morning it is cooler)<\/li>\n<\/ul>\n\n\n<h2 class=\"\" style=\"color: #a47923;\">Why is it that a natural down duvet provides comfort during hot nights?<\/h2>\n\n\n<p class=\"wp-block-paragraph\">The secret lies in the properties and structure of down - a single ball of down has an irregular, three-dimensional structure, resembling a snowflake. It is the free spaces between the curves of the down fibers that collect air, creating a natural barrier against cold and heat, providing thermoregulation and air circulation. The properties of down mean that bedding filled with it warms us in winter and insulates us from heat in summer.<\/p>\n\n\n\n<p class=\"wp-block-paragraph\">With the hot summer and the need for a good night's sleep in mind, we have created a down duvet <em>in the light<\/em> version of both the collections <a href=\"https:\/\/www.emkap1926.com\/eu\/product-2\/kolekcja-1926-koldra-puchowa-100-premium-batystowa-wiosna-lato\/?wmc-currency=EUR\">\u201e1926\u201d<\/a> and&nbsp;<a href=\"https:\/\/www.emkap1926.com\/eu\/product-2\/linia-ewa-premium-heritage-koldra-puchowa-premium-100-puchu-gesiego-na-lato-celebracja-100-lat-doskonalosci-i-tradycji-solidnego-rzemiosla\/?wmc-currency=EUR\">\u201cEwa Premium Heritage Collection\"&nbsp;<\/a>\u201d. \u00a0<\/p>\n\n\n\n<p class=\"wp-block-paragraph\">Wrapped in pure cotton, with luxurious 100% natural down filling, it keeps you snug without overheating you. We designed these duvets with the right weight of down filling for high temperatures.<\/p>\n\n\n\n<p class=\"wp-block-paragraph\"><\/p>\n\n\n<h2 style=\"color: #a47923;\">A good quality down is an environmentally friendly investment.<\/h2>\n\n\n<p class=\"wp-block-paragraph\">Duvets sewn by hand according to labor-intensive, pre-war techniques are a purchase for years to come. There will be no need to replace our duvets or cushions with new ones after a few years. We offer our regular customers a down duvet restoration service.<\/p>\n\n\n\n<p class=\"wp-block-paragraph\"><\/p>","protected":false},"excerpt":{"rendered":"<p>Jak\u0105 ko\u0142dr\u0119 wybra\u0107 na nadchodz\u0105cy ciep\u0142y, wiosenno-letni sezon? Przede wszystkim tak\u0105, pod kt\u00f3r\u0105 b\u0119dzie przyjemnie, przewiewnie i ch\u0142odno. Dobry, mocny i niczym niezak\u0142\u00f3cony sen pozwala organizmowi na regeneracj\u0119. Cz\u0119sto latem temperatury w nocy s\u0105 wysokie zak\u0142\u00f3caj\u0105c&nbsp;nam odpoczynek i utrudniaj\u0105c zasypianie. Dlaczego warto zmienia\u0107\u00a0ko\u0142dry w zale\u017cno\u015bci od pory roku? Odpowiednia&nbsp;temperatura&nbsp;naszego&nbsp;cia\u0142a jest kluczowym czynnikiem wp\u0142ywaj\u0105cym na \u0142atwo\u015b\u0107 [&hellip;]<\/p>","protected":false},"author":8,"featured_media":679,"comment_status":"open","ping_status":"open","sticky":false,"template":"","format":"standard","meta":{"_acf_changed":false,"footnotes":"","_members_access_role":[],"_members_access_error":""},"categories":[1],"tags":[],"class_list":["post-672","post","type-post","status-publish","format-standard","has-post-thumbnail","hentry","category-uncategorized"],"acf":[],"yoast_head":"<!-- This site is optimized with the Yoast SEO Premium plugin v18.2.1 (Yoast SEO v28.1) - https:\/\/yoast.com\/product\/yoast-seo-premium-wordpress\/ -->\n<title>Ko\u0142dra na lato. Jaka ko\u0142dra b\u0119dzie przyjemna, przewiewna i zapewni komfort w upalne letnie noce? - Emkap1926<\/title>\n<meta name=\"description\" content=\"Jaka ko\u0142dra b\u0119dzie przyjemna, przewiewna i zapewni komfort w upalne letnie noce? Tylko naturalna ko\u0142dra wype\u0142niona najlepszym 100% puchem zapewni komfort podczas gor\u0105cych nocy.\" \/>\n<meta name=\"robots\" content=\"index, follow, max-snippet:-1, max-image-preview:large, max-video-preview:-1\" \/>\n<link rel=\"canonical\" href=\"https:\/\/www.emkap1926.com\/eu\/koldra-na-lato-jaka-koldra-bedzie-przyjemna-przewiewna-i-zapewni-komfort-w-upalne-letnie-noce\/?wmc-currency=EUR\" \/>\n<meta property=\"og:locale\" content=\"en_GB\" \/>\n<meta property=\"og:type\" content=\"article\" \/>\n<meta property=\"og:title\" content=\"Ko\u0142dra na lato. Jaka ko\u0142dra b\u0119dzie przyjemna, przewiewna i zapewni komfort w upalne letnie noce?\" \/>\n<meta property=\"og:description\" content=\"Jaka ko\u0142dra b\u0119dzie przyjemna, przewiewna i zapewni komfort w upalne letnie noce? Tylko naturalna ko\u0142dra wype\u0142niona najlepszym 100% puchem zapewni komfort podczas gor\u0105cych nocy.\" \/>\n<meta property=\"og:url\" content=\"https:\/\/www.emkap1926.com\/eu\/koldra-na-lato-jaka-koldra-bedzie-przyjemna-przewiewna-i-zapewni-komfort-w-upalne-letnie-noce\/?wmc-currency=EUR\" \/>\n<meta property=\"og:site_name\" content=\"Emkap1926\" \/>\n<meta property=\"article:publisher\" content=\"https:\/\/www.facebook.com\/emkap1926\" \/>\n<meta property=\"article:published_time\" content=\"2023-05-04T08:08:32+00:00\" \/>\n<meta property=\"article:modified_time\" content=\"2026-02-04T17:19:50+00:00\" \/>\n<meta property=\"og:image\" content=\"https:\/\/www.emkap1926.com\/wp-content\/uploads\/2023\/05\/emkap-12-17.29.49.jpg\" \/>\n\t<meta property=\"og:image:width\" content=\"1333\" \/>\n\t<meta property=\"og:image:height\" content=\"2000\" \/>\n\t<meta property=\"og:image:type\" content=\"image\/jpeg\" \/>\n<meta name=\"author\" content=\"Joanna Byrt\" \/>\n<meta name=\"twitter:card\" content=\"summary_large_image\" \/>\n<meta name=\"twitter:label1\" content=\"Written by\" \/>\n\t<meta name=\"twitter:data1\" content=\"Joanna Byrt\" \/>\n\t<meta name=\"twitter:label2\" content=\"Estimated reading time\" \/>\n\t<meta name=\"twitter:data2\" content=\"3 minutes\" \/>\n<script type=\"application\/ld+json\" class=\"yoast-schema-graph\">{\"@context\":\"https:\\\/\\\/schema.org\",\"@graph\":[{\"@type\":\"Article\",\"@id\":\"https:\\\/\\\/www.emkap1926.com\\\/koldra-na-lato-jaka-koldra-bedzie-przyjemna-przewiewna-i-zapewni-komfort-w-upalne-letnie-noce\\\/#article\",\"isPartOf\":{\"@id\":\"https:\\\/\\\/www.emkap1926.com\\\/koldra-na-lato-jaka-koldra-bedzie-przyjemna-przewiewna-i-zapewni-komfort-w-upalne-letnie-noce\\\/\"},\"author\":{\"name\":\"Joanna Byrt\",\"@id\":\"https:\\\/\\\/www.emkap1926.com\\\/#\\\/schema\\\/person\\\/f37a0408af7e26387482fc0b74f6c4e5\"},\"headline\":\"Ko\u0142dra na lato. Jaka ko\u0142dra b\u0119dzie przyjemna, przewiewna i zapewni komfort w upalne letnie noce?\",\"datePublished\":\"2023-05-04T08:08:32+00:00\",\"dateModified\":\"2026-02-04T17:19:50+00:00\",\"mainEntityOfPage\":{\"@id\":\"https:\\\/\\\/www.emkap1926.com\\\/koldra-na-lato-jaka-koldra-bedzie-przyjemna-przewiewna-i-zapewni-komfort-w-upalne-letnie-noce\\\/\"},\"wordCount\":508,\"commentCount\":0,\"publisher\":{\"@id\":\"https:\\\/\\\/www.emkap1926.com\\\/#organization\"},\"image\":{\"@id\":\"https:\\\/\\\/www.emkap1926.com\\\/koldra-na-lato-jaka-koldra-bedzie-przyjemna-przewiewna-i-zapewni-komfort-w-upalne-letnie-noce\\\/#primaryimage\"},\"thumbnailUrl\":\"https:\\\/\\\/www.emkap1926.com\\\/wp-content\\\/uploads\\\/2023\\\/05\\\/emkap-12-17.29.49.jpg\",\"articleSection\":[\"Uncategorized\"],\"inLanguage\":\"en-GB\",\"potentialAction\":[{\"@type\":\"CommentAction\",\"name\":\"Comment\",\"target\":[\"https:\\\/\\\/www.emkap1926.com\\\/koldra-na-lato-jaka-koldra-bedzie-przyjemna-przewiewna-i-zapewni-komfort-w-upalne-letnie-noce\\\/#respond\"]}]},{\"@type\":\"WebPage\",\"@id\":\"https:\\\/\\\/www.emkap1926.com\\\/koldra-na-lato-jaka-koldra-bedzie-przyjemna-przewiewna-i-zapewni-komfort-w-upalne-letnie-noce\\\/\",\"url\":\"https:\\\/\\\/www.emkap1926.com\\\/koldra-na-lato-jaka-koldra-bedzie-przyjemna-przewiewna-i-zapewni-komfort-w-upalne-letnie-noce\\\/\",\"name\":\"Ko\u0142dra na lato. Jaka ko\u0142dra b\u0119dzie przyjemna, przewiewna i zapewni komfort w upalne letnie noce? - Emkap1926\",\"isPartOf\":{\"@id\":\"https:\\\/\\\/www.emkap1926.com\\\/#website\"},\"primaryImageOfPage\":{\"@id\":\"https:\\\/\\\/www.emkap1926.com\\\/koldra-na-lato-jaka-koldra-bedzie-przyjemna-przewiewna-i-zapewni-komfort-w-upalne-letnie-noce\\\/#primaryimage\"},\"image\":{\"@id\":\"https:\\\/\\\/www.emkap1926.com\\\/koldra-na-lato-jaka-koldra-bedzie-przyjemna-przewiewna-i-zapewni-komfort-w-upalne-letnie-noce\\\/#primaryimage\"},\"thumbnailUrl\":\"https:\\\/\\\/www.emkap1926.com\\\/wp-content\\\/uploads\\\/2023\\\/05\\\/emkap-12-17.29.49.jpg\",\"datePublished\":\"2023-05-04T08:08:32+00:00\",\"dateModified\":\"2026-02-04T17:19:50+00:00\",\"description\":\"Jaka ko\u0142dra b\u0119dzie przyjemna, przewiewna i zapewni komfort w upalne letnie noce? Tylko naturalna ko\u0142dra wype\u0142niona najlepszym 100% puchem zapewni komfort podczas gor\u0105cych nocy.\",\"breadcrumb\":{\"@id\":\"https:\\\/\\\/www.emkap1926.com\\\/koldra-na-lato-jaka-koldra-bedzie-przyjemna-przewiewna-i-zapewni-komfort-w-upalne-letnie-noce\\\/#breadcrumb\"},\"inLanguage\":\"en-GB\",\"potentialAction\":[{\"@type\":\"ReadAction\",\"target\":[\"https:\\\/\\\/www.emkap1926.com\\\/koldra-na-lato-jaka-koldra-bedzie-przyjemna-przewiewna-i-zapewni-komfort-w-upalne-letnie-noce\\\/\"]}]},{\"@type\":\"ImageObject\",\"inLanguage\":\"en-GB\",\"@id\":\"https:\\\/\\\/www.emkap1926.com\\\/koldra-na-lato-jaka-koldra-bedzie-przyjemna-przewiewna-i-zapewni-komfort-w-upalne-letnie-noce\\\/#primaryimage\",\"url\":\"https:\\\/\\\/www.emkap1926.com\\\/wp-content\\\/uploads\\\/2023\\\/05\\\/emkap-12-17.29.49.jpg\",\"contentUrl\":\"https:\\\/\\\/www.emkap1926.com\\\/wp-content\\\/uploads\\\/2023\\\/05\\\/emkap-12-17.29.49.jpg\",\"width\":1333,\"height\":2000},{\"@type\":\"BreadcrumbList\",\"@id\":\"https:\\\/\\\/www.emkap1926.com\\\/koldra-na-lato-jaka-koldra-bedzie-przyjemna-przewiewna-i-zapewni-komfort-w-upalne-letnie-noce\\\/#breadcrumb\",\"itemListElement\":[{\"@type\":\"ListItem\",\"position\":1,\"name\":\"Strona g\u0142\u00f3wna\",\"item\":\"https:\\\/\\\/www.emkap1926.com\\\/\"},{\"@type\":\"ListItem\",\"position\":2,\"name\":\"Ko\u0142dra na lato. Jaka ko\u0142dra b\u0119dzie przyjemna, przewiewna i zapewni komfort w upalne letnie noce?\"}]},{\"@type\":\"WebSite\",\"@id\":\"https:\\\/\\\/www.emkap1926.com\\\/#website\",\"url\":\"https:\\\/\\\/www.emkap1926.com\\\/\",\"name\":\"Emkap1926\",\"description\":\"Najlepsze r\u0119cznie szyte ko\u0142dry puchowe\",\"publisher\":{\"@id\":\"https:\\\/\\\/www.emkap1926.com\\\/#organization\"},\"potentialAction\":[{\"@type\":\"SearchAction\",\"target\":{\"@type\":\"EntryPoint\",\"urlTemplate\":\"https:\\\/\\\/www.emkap1926.com\\\/?s={search_term_string}\"},\"query-input\":{\"@type\":\"PropertyValueSpecification\",\"valueRequired\":true,\"valueName\":\"search_term_string\"}}],\"inLanguage\":\"en-GB\"},{\"@type\":\"Organization\",\"@id\":\"https:\\\/\\\/www.emkap1926.com\\\/#organization\",\"name\":\"Emkap1926\",\"url\":\"https:\\\/\\\/www.emkap1926.com\\\/\",\"logo\":{\"@type\":\"ImageObject\",\"inLanguage\":\"en-GB\",\"@id\":\"https:\\\/\\\/www.emkap1926.com\\\/#\\\/schema\\\/logo\\\/image\\\/\",\"url\":\"https:\\\/\\\/www.emkap1926.com\\\/wp-content\\\/uploads\\\/2022\\\/06\\\/logo-e1660324865374.jpg\",\"contentUrl\":\"https:\\\/\\\/www.emkap1926.com\\\/wp-content\\\/uploads\\\/2022\\\/06\\\/logo-e1660324865374.jpg\",\"width\":500,\"height\":328,\"caption\":\"Emkap1926\"},\"image\":{\"@id\":\"https:\\\/\\\/www.emkap1926.com\\\/#\\\/schema\\\/logo\\\/image\\\/\"},\"sameAs\":[\"https:\\\/\\\/www.facebook.com\\\/emkap1926\",\"https:\\\/\\\/www.instagram.com\\\/emkap1926\\\/\"]},{\"@type\":\"Person\",\"@id\":\"https:\\\/\\\/www.emkap1926.com\\\/#\\\/schema\\\/person\\\/f37a0408af7e26387482fc0b74f6c4e5\",\"name\":\"Joanna Byrt\",\"description\":\"Joanna Byrt, ekspertka w dziedzinie neurobiologii snu i promotorka idei zdrowego, pe\u0142nowarto\u015bciowego wypoczynku. Absolwentka specjalistycznych kurs\u00f3w Massachusetts Institute of Technology (MIT) z zakresu neurobiologii snu, obejmuj\u0105cych kom\u00f3rkowe i fizjologiczne mechanizmy reguluj\u0105ce rytm snu i czuwania. Pasjonatka idei slow living i koncepcji slow home \u2013 wierzy, \u017ce zdrowy sen jest fundamentem dobrostanu, a \u015bwiadome kszta\u0142towanie przestrzeni domowej ma realny wp\u0142yw na regeneracj\u0119 uk\u0142adu nerwowego i jako\u015b\u0107 \u017cycia.\",\"url\":\"https:\\\/\\\/www.emkap1926.com\\\/eu\\\/author\\\/joanna-byrt\\\/\"}]}<\/script>\n<!-- \/ Yoast SEO Premium plugin. -->","yoast_head_json":{"title":"Ko\u0142dra na lato. Jaka ko\u0142dra b\u0119dzie przyjemna, przewiewna i zapewni komfort w upalne letnie noce? - Emkap1926","description":"Jaka ko\u0142dra b\u0119dzie przyjemna, przewiewna i zapewni komfort w upalne letnie noce? Tylko naturalna ko\u0142dra wype\u0142niona najlepszym 100% puchem zapewni komfort podczas gor\u0105cych nocy.","robots":{"index":"index","follow":"follow","max-snippet":"max-snippet:-1","max-image-preview":"max-image-preview:large","max-video-preview":"max-video-preview:-1"},"canonical":"https:\/\/www.emkap1926.com\/eu\/koldra-na-lato-jaka-koldra-bedzie-przyjemna-przewiewna-i-zapewni-komfort-w-upalne-letnie-noce\/?wmc-currency=EUR","og_locale":"en_GB","og_type":"article","og_title":"Ko\u0142dra na lato. Jaka ko\u0142dra b\u0119dzie przyjemna, przewiewna i zapewni komfort w upalne letnie noce?","og_description":"Jaka ko\u0142dra b\u0119dzie przyjemna, przewiewna i zapewni komfort w upalne letnie noce? Tylko naturalna ko\u0142dra wype\u0142niona najlepszym 100% puchem zapewni komfort podczas gor\u0105cych nocy.","og_url":"https:\/\/www.emkap1926.com\/eu\/koldra-na-lato-jaka-koldra-bedzie-przyjemna-przewiewna-i-zapewni-komfort-w-upalne-letnie-noce\/?wmc-currency=EUR","og_site_name":"Emkap1926","article_publisher":"https:\/\/www.facebook.com\/emkap1926","article_published_time":"2023-05-04T08:08:32+00:00","article_modified_time":"2026-02-04T17:19:50+00:00","og_image":[{"width":1333,"height":2000,"url":"https:\/\/www.emkap1926.com\/wp-content\/uploads\/2023\/05\/emkap-12-17.29.49.jpg","type":"image\/jpeg"}],"author":"Joanna Byrt","twitter_card":"summary_large_image","twitter_misc":{"Written by":"Joanna Byrt","Estimated reading time":"3 minutes"},"schema":{"@context":"https:\/\/schema.org","@graph":[{"@type":"Article","@id":"https:\/\/www.emkap1926.com\/koldra-na-lato-jaka-koldra-bedzie-przyjemna-przewiewna-i-zapewni-komfort-w-upalne-letnie-noce\/#article","isPartOf":{"@id":"https:\/\/www.emkap1926.com\/koldra-na-lato-jaka-koldra-bedzie-przyjemna-przewiewna-i-zapewni-komfort-w-upalne-letnie-noce\/"},"author":{"name":"Joanna Byrt","@id":"https:\/\/www.emkap1926.com\/#\/schema\/person\/f37a0408af7e26387482fc0b74f6c4e5"},"headline":"Ko\u0142dra na lato. Jaka ko\u0142dra b\u0119dzie przyjemna, przewiewna i zapewni komfort w upalne letnie noce?","datePublished":"2023-05-04T08:08:32+00:00","dateModified":"2026-02-04T17:19:50+00:00","mainEntityOfPage":{"@id":"https:\/\/www.emkap1926.com\/koldra-na-lato-jaka-koldra-bedzie-przyjemna-przewiewna-i-zapewni-komfort-w-upalne-letnie-noce\/"},"wordCount":508,"commentCount":0,"publisher":{"@id":"https:\/\/www.emkap1926.com\/#organization"},"image":{"@id":"https:\/\/www.emkap1926.com\/koldra-na-lato-jaka-koldra-bedzie-przyjemna-przewiewna-i-zapewni-komfort-w-upalne-letnie-noce\/#primaryimage"},"thumbnailUrl":"https:\/\/www.emkap1926.com\/wp-content\/uploads\/2023\/05\/emkap-12-17.29.49.jpg","articleSection":["Uncategorized"],"inLanguage":"en-GB","potentialAction":[{"@type":"CommentAction","name":"Comment","target":["https:\/\/www.emkap1926.com\/koldra-na-lato-jaka-koldra-bedzie-przyjemna-przewiewna-i-zapewni-komfort-w-upalne-letnie-noce\/#respond"]}]},{"@type":"WebPage","@id":"https:\/\/www.emkap1926.com\/koldra-na-lato-jaka-koldra-bedzie-przyjemna-przewiewna-i-zapewni-komfort-w-upalne-letnie-noce\/","url":"https:\/\/www.emkap1926.com\/koldra-na-lato-jaka-koldra-bedzie-przyjemna-przewiewna-i-zapewni-komfort-w-upalne-letnie-noce\/","name":"Ko\u0142dra na lato. Jaka ko\u0142dra b\u0119dzie przyjemna, przewiewna i zapewni komfort w upalne letnie noce? - Emkap1926","isPartOf":{"@id":"https:\/\/www.emkap1926.com\/#website"},"primaryImageOfPage":{"@id":"https:\/\/www.emkap1926.com\/koldra-na-lato-jaka-koldra-bedzie-przyjemna-przewiewna-i-zapewni-komfort-w-upalne-letnie-noce\/#primaryimage"},"image":{"@id":"https:\/\/www.emkap1926.com\/koldra-na-lato-jaka-koldra-bedzie-przyjemna-przewiewna-i-zapewni-komfort-w-upalne-letnie-noce\/#primaryimage"},"thumbnailUrl":"https:\/\/www.emkap1926.com\/wp-content\/uploads\/2023\/05\/emkap-12-17.29.49.jpg","datePublished":"2023-05-04T08:08:32+00:00","dateModified":"2026-02-04T17:19:50+00:00","description":"Jaka ko\u0142dra b\u0119dzie przyjemna, przewiewna i zapewni komfort w upalne letnie noce? Tylko naturalna ko\u0142dra wype\u0142niona najlepszym 100% puchem zapewni komfort podczas gor\u0105cych nocy.","breadcrumb":{"@id":"https:\/\/www.emkap1926.com\/koldra-na-lato-jaka-koldra-bedzie-przyjemna-przewiewna-i-zapewni-komfort-w-upalne-letnie-noce\/#breadcrumb"},"inLanguage":"en-GB","potentialAction":[{"@type":"ReadAction","target":["https:\/\/www.emkap1926.com\/koldra-na-lato-jaka-koldra-bedzie-przyjemna-przewiewna-i-zapewni-komfort-w-upalne-letnie-noce\/"]}]},{"@type":"ImageObject","inLanguage":"en-GB","@id":"https:\/\/www.emkap1926.com\/koldra-na-lato-jaka-koldra-bedzie-przyjemna-przewiewna-i-zapewni-komfort-w-upalne-letnie-noce\/#primaryimage","url":"https:\/\/www.emkap1926.com\/wp-content\/uploads\/2023\/05\/emkap-12-17.29.49.jpg","contentUrl":"https:\/\/www.emkap1926.com\/wp-content\/uploads\/2023\/05\/emkap-12-17.29.49.jpg","width":1333,"height":2000},{"@type":"BreadcrumbList","@id":"https:\/\/www.emkap1926.com\/koldra-na-lato-jaka-koldra-bedzie-przyjemna-przewiewna-i-zapewni-komfort-w-upalne-letnie-noce\/#breadcrumb","itemListElement":[{"@type":"ListItem","position":1,"name":"Strona g\u0142\u00f3wna","item":"https:\/\/www.emkap1926.com\/"},{"@type":"ListItem","position":2,"name":"Ko\u0142dra na lato. Jaka ko\u0142dra b\u0119dzie przyjemna, przewiewna i zapewni komfort w upalne letnie noce?"}]},{"@type":"WebSite","@id":"https:\/\/www.emkap1926.com\/#website","url":"https:\/\/www.emkap1926.com\/","name":"Emkap1926","description":"Najlepsze r\u0119cznie szyte ko\u0142dry puchowe","publisher":{"@id":"https:\/\/www.emkap1926.com\/#organization"},"potentialAction":[{"@type":"SearchAction","target":{"@type":"EntryPoint","urlTemplate":"https:\/\/www.emkap1926.com\/?s={search_term_string}"},"query-input":{"@type":"PropertyValueSpecification","valueRequired":true,"valueName":"search_term_string"}}],"inLanguage":"en-GB"},{"@type":"Organization","@id":"https:\/\/www.emkap1926.com\/#organization","name":"Emkap1926","url":"https:\/\/www.emkap1926.com\/","logo":{"@type":"ImageObject","inLanguage":"en-GB","@id":"https:\/\/www.emkap1926.com\/#\/schema\/logo\/image\/","url":"https:\/\/www.emkap1926.com\/wp-content\/uploads\/2022\/06\/logo-e1660324865374.jpg","contentUrl":"https:\/\/www.emkap1926.com\/wp-content\/uploads\/2022\/06\/logo-e1660324865374.jpg","width":500,"height":328,"caption":"Emkap1926"},"image":{"@id":"https:\/\/www.emkap1926.com\/#\/schema\/logo\/image\/"},"sameAs":["https:\/\/www.facebook.com\/emkap1926","https:\/\/www.instagram.com\/emkap1926\/"]},{"@type":"Person","@id":"https:\/\/www.emkap1926.com\/#\/schema\/person\/f37a0408af7e26387482fc0b74f6c4e5","name":"Joanna Byrt","description":"Joanna Byrt, ekspertka w dziedzinie neurobiologii snu i promotorka idei zdrowego, pe\u0142nowarto\u015bciowego wypoczynku. Absolwentka specjalistycznych kurs\u00f3w Massachusetts Institute of Technology (MIT) z zakresu neurobiologii snu, obejmuj\u0105cych kom\u00f3rkowe i fizjologiczne mechanizmy reguluj\u0105ce rytm snu i czuwania. Pasjonatka idei slow living i koncepcji slow home \u2013 wierzy, \u017ce zdrowy sen jest fundamentem dobrostanu, a \u015bwiadome kszta\u0142towanie przestrzeni domowej ma realny wp\u0142yw na regeneracj\u0119 uk\u0142adu nerwowego i jako\u015b\u0107 \u017cycia.","url":"https:\/\/www.emkap1926.com\/eu\/author\/joanna-byrt\/"}]}},"_links":{"self":[{"href":"https:\/\/www.emkap1926.com\/eu\/wp-json\/wp\/v2\/posts\/672","targetHints":{"allow":["GET"]}}],"collection":[{"href":"https:\/\/www.emkap1926.com\/eu\/wp-json\/wp\/v2\/posts"}],"about":[{"href":"https:\/\/www.emkap1926.com\/eu\/wp-json\/wp\/v2\/types\/post"}],"author":[{"embeddable":true,"href":"https:\/\/www.emkap1926.com\/eu\/wp-json\/wp\/v2\/users\/8"}],"replies":[{"embeddable":true,"href":"https:\/\/www.emkap1926.com\/eu\/wp-json\/wp\/v2\/comments?post=672"}],"version-history":[{"count":0,"href":"https:\/\/www.emkap1926.com\/eu\/wp-json\/wp\/v2\/posts\/672\/revisions"}],"wp:featuredmedia":[{"embeddable":true,"href":"https:\/\/www.emkap1926.com\/eu\/wp-json\/wp\/v2\/media\/679"}],"wp:attachment":[{"href":"https:\/\/www.emkap1926.com\/eu\/wp-json\/wp\/v2\/media?parent=672"}],"wp:term":[{"taxonomy":"category","embeddable":true,"href":"https:\/\/www.emkap1926.com\/eu\/wp-json\/wp\/v2\/categories?post=672"},{"taxonomy":"post_tag","embeddable":true,"href":"https:\/\/www.emkap1926.com\/eu\/wp-json\/wp\/v2\/tags?post=672"}],"curies":[{"name":"wp","href":"https:\/\/api.w.org\/{rel}","templated":true}]}}