{"id":739,"date":"2023-07-11T19:24:20","date_gmt":"2023-07-11T17:24:20","guid":{"rendered":"https:\/\/www.emkap1926.com\/?p=739"},"modified":"2026-02-12T17:16:38","modified_gmt":"2026-02-12T15:16:38","slug":"jak-przechowywac-koldry-i-poduszki-z-gesiego-puchu","status":"publish","type":"post","link":"https:\/\/www.emkap1926.com\/eu\/jak-przechowywac-koldry-i-poduszki-z-gesiego-puchu\/","title":{"rendered":"How to store down duvets and pillows?"},"content":{"rendered":"<p class=\"wp-block-paragraph\">A large number of our customers have extra sets of duvets and pillows at home, for guests or to change comforters depending on the season.<br>When we do not use them for many months, it is worth knowing how to store our down bedding so that it retains its resilience and does not lose its enveloping fluffiness.<\/p>\n\n\n\n<h2 class=\"wp-block-heading\" id=\"h-dlaczego-warto-prawidlowo-przechowywac-koldry-i-poduszki-z-puchu\">Why store down comforters and pillows properly?<\/h2>\n\n\n\n<p class=\"wp-block-paragraph\">Improper storage of down bedding can lead to a partial loss of their insulating and thermoregulatory properties. Down filling is one of the lightest natural fillings, is characterized by excellent elasticity, insulates against cold but also against heat. Goose down is considered one of the best natural fillings. However, due to its delicacy - improper storage of a down comforter can lead to distortion and \"clumping\" of the down, and the down can lose its resilience and fluffiness.<\/p>\n\n\n\n<h2 class=\"wp-block-heading\" id=\"h-jak-przechowywac-koldry-i-poduszki-z-puchu-praktyczne-porady-stosowane-przez-nasza-rodzine-od-blisko-100-lat\">How to store down quilts and pillows - practical tips used by our Family for nearly 100 years<\/h2>\n\n\n\n<ol class=\"wp-block-list\">\n<li>Down quilts and pillows like space, it is good to give them more space and not to squeeze, press, roll or crush them, because the quilt may deform.<\/li>\n\n\n\n<li>It's a good idea to keep quilts and pillows in covers only made of natural materials and sufficiently spacious for the size of the quilt or pillow. We pack our quilts in thick cotton covers with gold thread designed for storage. The cover can be viewed <a href=\"https:\/\/www.emkap1926.com\/eu\/product-2\/the-1926-collection-all-season-100-premium-batiste-down-duvet\/?wmc-currency=EUR\">here<\/a>. Down needs to breathe. We don't keep quilts in the plastic bags that some manufacturers pack quilts in. We don't pack down quilts in vacuum bags. The down will clump, won't be as fluffy and will lose its unique properties.<\/li>\n\n\n\n<li>Let's keep bedding in closets, drawers, in a lockable container under the bed (if it is spacious enough), in boxes made of natural materials.<\/li>\n\n\n\n<li>We can put a bag of sun-dried lavender in the closet or drawer, and remember to shake out and air out the comforter well before packing it in a cotton cover.<\/li>\n<\/ol>\n\n\n\n<p class=\"wp-block-paragraph\">How to take care of down comforters and pillows? For more practical advice, visit the Emkap manufactory website.<\/p>\n\n\n\n<figure class=\"wp-block-embed is-type-video is-provider-youtube wp-block-embed-youtube wp-embed-aspect-16-9 wp-has-aspect-ratio\"><div class=\"wp-block-embed__wrapper\">\n<iframe loading=\"lazy\" title=\"Jak przechowywac\u0301\u00a0ko\u0142dre\u0328 puchowa\u0328? Praktyczne porady stosowane przez nasz\u0105 Rodzin\u0119 od 100 lat.\" width=\"500\" height=\"281\" src=\"https:\/\/www.youtube.com\/embed\/tJqXq6rjWAQ?feature=oembed&enablejsapi=1&origin=https:\/\/www.emkap1926.com\" frameborder=\"0\" allow=\"accelerometer; autoplay; clipboard-write; encrypted-media; gyroscope; picture-in-picture; web-share\" referrerpolicy=\"strict-origin-when-cross-origin\" allowfullscreen><\/iframe>\n<\/div><\/figure>","protected":false},"excerpt":{"rendered":"<p>A large number of our customers have extra sets of duvets and pillows at home, for guests or to change comforters depending on the season.\n\nWhen we do not use them for many months, it is worth knowing how to store our down bedding so that it retains its resilience and does not lose its enveloping fluffiness.\n\nWhy store down comforters and pillows [...]<\/p>","protected":false},"author":8,"featured_media":749,"comment_status":"open","ping_status":"open","sticky":false,"template":"","format":"standard","meta":{"_acf_changed":false,"footnotes":"","_members_access_role":[],"_members_access_error":""},"categories":[1],"tags":[],"class_list":["post-739","post","type-post","status-publish","format-standard","has-post-thumbnail","hentry","category-uncategorized"],"acf":[],"yoast_head":"<!-- This site is optimized with the Yoast SEO Premium plugin v18.2.1 (Yoast SEO v28.1) - https:\/\/yoast.com\/product\/yoast-seo-premium-wordpress\/ -->\n<title>Jak przechowywa\u0107 ko\u0142dry i poduszki z g\u0119siego puchu? - Emkap1926<\/title>\n<meta name=\"robots\" content=\"index, follow, max-snippet:-1, max-image-preview:large, max-video-preview:-1\" \/>\n<link rel=\"canonical\" href=\"https:\/\/www.emkap1926.com\/eu\/jak-przechowywac-koldry-i-poduszki-z-gesiego-puchu\/?wmc-currency=EUR\" \/>\n<meta property=\"og:locale\" content=\"en_GB\" \/>\n<meta property=\"og:type\" content=\"article\" \/>\n<meta property=\"og:title\" content=\"Jak przechowywa\u0107 ko\u0142dry i poduszki z g\u0119siego puchu?\" \/>\n<meta property=\"og:description\" content=\"Du\u017ce grono naszych klient\u00f3w ma w domu komplety ko\u0142der i poduszek na zmian\u0119, komplety puchowych ko\u0142der dla go\u015bci lub zmienia ko\u0142dry w zale\u017cno\u015bci od pory roku.Kiedy przez wiele miesi\u0119cy ich nie u\u017cywamy, warto wiedzie\u0107, jak przechowywa\u0107 nasz\u0105 puchow\u0105 po\u015bciel, aby zachowa\u0142a spr\u0119\u017cysto\u015b\u0107 i nie straci\u0142a otulaj\u0105cej puszysto\u015bci. Dlaczego warto prawid\u0142owo przechowywa\u0107 ko\u0142dry i poduszki z [&hellip;]\" \/>\n<meta property=\"og:url\" content=\"https:\/\/www.emkap1926.com\/eu\/jak-przechowywac-koldry-i-poduszki-z-gesiego-puchu\/?wmc-currency=EUR\" \/>\n<meta property=\"og:site_name\" content=\"Emkap1926\" \/>\n<meta property=\"article:publisher\" content=\"https:\/\/www.facebook.com\/emkap1926\" \/>\n<meta property=\"article:published_time\" content=\"2023-07-11T17:24:20+00:00\" \/>\n<meta property=\"article:modified_time\" content=\"2026-02-12T15:16:38+00:00\" \/>\n<meta property=\"og:image\" content=\"https:\/\/www.emkap1926.com\/wp-content\/uploads\/2023\/06\/Emkap1926-Jak-przechowywac-koldry-i-poduszki-z-gesiego-puchu.jpg\" \/>\n\t<meta property=\"og:image:width\" content=\"1332\" \/>\n\t<meta property=\"og:image:height\" content=\"976\" \/>\n\t<meta property=\"og:image:type\" content=\"image\/jpeg\" \/>\n<meta name=\"author\" content=\"Joanna Byrt\" \/>\n<meta name=\"twitter:card\" content=\"summary_large_image\" \/>\n<meta name=\"twitter:label1\" content=\"Written by\" \/>\n\t<meta name=\"twitter:data1\" content=\"Joanna Byrt\" \/>\n\t<meta name=\"twitter:label2\" content=\"Estimated reading time\" \/>\n\t<meta name=\"twitter:data2\" content=\"2 minutes\" \/>\n<script type=\"application\/ld+json\" class=\"yoast-schema-graph\">{\"@context\":\"https:\\\/\\\/schema.org\",\"@graph\":[{\"@type\":\"Article\",\"@id\":\"https:\\\/\\\/www.emkap1926.com\\\/jak-przechowywac-koldry-i-poduszki-z-gesiego-puchu\\\/#article\",\"isPartOf\":{\"@id\":\"https:\\\/\\\/www.emkap1926.com\\\/jak-przechowywac-koldry-i-poduszki-z-gesiego-puchu\\\/\"},\"author\":{\"name\":\"Joanna Byrt\",\"@id\":\"https:\\\/\\\/www.emkap1926.com\\\/#\\\/schema\\\/person\\\/f37a0408af7e26387482fc0b74f6c4e5\"},\"headline\":\"Jak przechowywa\u0107 ko\u0142dry i poduszki z g\u0119siego puchu?\",\"datePublished\":\"2023-07-11T17:24:20+00:00\",\"dateModified\":\"2026-02-12T15:16:38+00:00\",\"mainEntityOfPage\":{\"@id\":\"https:\\\/\\\/www.emkap1926.com\\\/jak-przechowywac-koldry-i-poduszki-z-gesiego-puchu\\\/\"},\"wordCount\":408,\"commentCount\":0,\"publisher\":{\"@id\":\"https:\\\/\\\/www.emkap1926.com\\\/#organization\"},\"image\":{\"@id\":\"https:\\\/\\\/www.emkap1926.com\\\/jak-przechowywac-koldry-i-poduszki-z-gesiego-puchu\\\/#primaryimage\"},\"thumbnailUrl\":\"https:\\\/\\\/www.emkap1926.com\\\/wp-content\\\/uploads\\\/2023\\\/06\\\/Emkap1926-Jak-przechowywac-koldry-i-poduszki-z-gesiego-puchu.jpg\",\"articleSection\":[\"Uncategorized\"],\"inLanguage\":\"en-GB\",\"potentialAction\":[{\"@type\":\"CommentAction\",\"name\":\"Comment\",\"target\":[\"https:\\\/\\\/www.emkap1926.com\\\/jak-przechowywac-koldry-i-poduszki-z-gesiego-puchu\\\/#respond\"]}]},{\"@type\":\"WebPage\",\"@id\":\"https:\\\/\\\/www.emkap1926.com\\\/jak-przechowywac-koldry-i-poduszki-z-gesiego-puchu\\\/\",\"url\":\"https:\\\/\\\/www.emkap1926.com\\\/jak-przechowywac-koldry-i-poduszki-z-gesiego-puchu\\\/\",\"name\":\"Jak przechowywa\u0107 ko\u0142dry i poduszki z g\u0119siego puchu? - Emkap1926\",\"isPartOf\":{\"@id\":\"https:\\\/\\\/www.emkap1926.com\\\/#website\"},\"primaryImageOfPage\":{\"@id\":\"https:\\\/\\\/www.emkap1926.com\\\/jak-przechowywac-koldry-i-poduszki-z-gesiego-puchu\\\/#primaryimage\"},\"image\":{\"@id\":\"https:\\\/\\\/www.emkap1926.com\\\/jak-przechowywac-koldry-i-poduszki-z-gesiego-puchu\\\/#primaryimage\"},\"thumbnailUrl\":\"https:\\\/\\\/www.emkap1926.com\\\/wp-content\\\/uploads\\\/2023\\\/06\\\/Emkap1926-Jak-przechowywac-koldry-i-poduszki-z-gesiego-puchu.jpg\",\"datePublished\":\"2023-07-11T17:24:20+00:00\",\"dateModified\":\"2026-02-12T15:16:38+00:00\",\"breadcrumb\":{\"@id\":\"https:\\\/\\\/www.emkap1926.com\\\/jak-przechowywac-koldry-i-poduszki-z-gesiego-puchu\\\/#breadcrumb\"},\"inLanguage\":\"en-GB\",\"potentialAction\":[{\"@type\":\"ReadAction\",\"target\":[\"https:\\\/\\\/www.emkap1926.com\\\/jak-przechowywac-koldry-i-poduszki-z-gesiego-puchu\\\/\"]}]},{\"@type\":\"ImageObject\",\"inLanguage\":\"en-GB\",\"@id\":\"https:\\\/\\\/www.emkap1926.com\\\/jak-przechowywac-koldry-i-poduszki-z-gesiego-puchu\\\/#primaryimage\",\"url\":\"https:\\\/\\\/www.emkap1926.com\\\/wp-content\\\/uploads\\\/2023\\\/06\\\/Emkap1926-Jak-przechowywac-koldry-i-poduszki-z-gesiego-puchu.jpg\",\"contentUrl\":\"https:\\\/\\\/www.emkap1926.com\\\/wp-content\\\/uploads\\\/2023\\\/06\\\/Emkap1926-Jak-przechowywac-koldry-i-poduszki-z-gesiego-puchu.jpg\",\"width\":1332,\"height\":976},{\"@type\":\"BreadcrumbList\",\"@id\":\"https:\\\/\\\/www.emkap1926.com\\\/jak-przechowywac-koldry-i-poduszki-z-gesiego-puchu\\\/#breadcrumb\",\"itemListElement\":[{\"@type\":\"ListItem\",\"position\":1,\"name\":\"Strona g\u0142\u00f3wna\",\"item\":\"https:\\\/\\\/www.emkap1926.com\\\/\"},{\"@type\":\"ListItem\",\"position\":2,\"name\":\"Jak przechowywa\u0107 ko\u0142dry i poduszki z g\u0119siego puchu?\"}]},{\"@type\":\"WebSite\",\"@id\":\"https:\\\/\\\/www.emkap1926.com\\\/#website\",\"url\":\"https:\\\/\\\/www.emkap1926.com\\\/\",\"name\":\"Emkap1926\",\"description\":\"Najlepsze r\u0119cznie szyte ko\u0142dry puchowe\",\"publisher\":{\"@id\":\"https:\\\/\\\/www.emkap1926.com\\\/#organization\"},\"potentialAction\":[{\"@type\":\"SearchAction\",\"target\":{\"@type\":\"EntryPoint\",\"urlTemplate\":\"https:\\\/\\\/www.emkap1926.com\\\/?s={search_term_string}\"},\"query-input\":{\"@type\":\"PropertyValueSpecification\",\"valueRequired\":true,\"valueName\":\"search_term_string\"}}],\"inLanguage\":\"en-GB\"},{\"@type\":\"Organization\",\"@id\":\"https:\\\/\\\/www.emkap1926.com\\\/#organization\",\"name\":\"Emkap1926\",\"url\":\"https:\\\/\\\/www.emkap1926.com\\\/\",\"logo\":{\"@type\":\"ImageObject\",\"inLanguage\":\"en-GB\",\"@id\":\"https:\\\/\\\/www.emkap1926.com\\\/#\\\/schema\\\/logo\\\/image\\\/\",\"url\":\"https:\\\/\\\/www.emkap1926.com\\\/wp-content\\\/uploads\\\/2022\\\/06\\\/logo-e1660324865374.jpg\",\"contentUrl\":\"https:\\\/\\\/www.emkap1926.com\\\/wp-content\\\/uploads\\\/2022\\\/06\\\/logo-e1660324865374.jpg\",\"width\":500,\"height\":328,\"caption\":\"Emkap1926\"},\"image\":{\"@id\":\"https:\\\/\\\/www.emkap1926.com\\\/#\\\/schema\\\/logo\\\/image\\\/\"},\"sameAs\":[\"https:\\\/\\\/www.facebook.com\\\/emkap1926\",\"https:\\\/\\\/www.instagram.com\\\/emkap1926\\\/\"]},{\"@type\":\"Person\",\"@id\":\"https:\\\/\\\/www.emkap1926.com\\\/#\\\/schema\\\/person\\\/f37a0408af7e26387482fc0b74f6c4e5\",\"name\":\"Joanna Byrt\",\"description\":\"Joanna Byrt, ekspertka w dziedzinie neurobiologii snu i promotorka idei zdrowego, pe\u0142nowarto\u015bciowego wypoczynku. Absolwentka specjalistycznych kurs\u00f3w Massachusetts Institute of Technology (MIT) z zakresu neurobiologii snu, obejmuj\u0105cych kom\u00f3rkowe i fizjologiczne mechanizmy reguluj\u0105ce rytm snu i czuwania. Pasjonatka idei slow living i koncepcji slow home \u2013 wierzy, \u017ce zdrowy sen jest fundamentem dobrostanu, a \u015bwiadome kszta\u0142towanie przestrzeni domowej ma realny wp\u0142yw na regeneracj\u0119 uk\u0142adu nerwowego i jako\u015b\u0107 \u017cycia.\",\"url\":\"https:\\\/\\\/www.emkap1926.com\\\/eu\\\/author\\\/joanna-byrt\\\/\"}]}<\/script>\n<!-- \/ Yoast SEO Premium plugin. -->","yoast_head_json":{"title":"Jak przechowywa\u0107 ko\u0142dry i poduszki z g\u0119siego puchu? - Emkap1926","robots":{"index":"index","follow":"follow","max-snippet":"max-snippet:-1","max-image-preview":"max-image-preview:large","max-video-preview":"max-video-preview:-1"},"canonical":"https:\/\/www.emkap1926.com\/eu\/jak-przechowywac-koldry-i-poduszki-z-gesiego-puchu\/?wmc-currency=EUR","og_locale":"en_GB","og_type":"article","og_title":"Jak przechowywa\u0107 ko\u0142dry i poduszki z g\u0119siego puchu?","og_description":"Du\u017ce grono naszych klient\u00f3w ma w domu komplety ko\u0142der i poduszek na zmian\u0119, komplety puchowych ko\u0142der dla go\u015bci lub zmienia ko\u0142dry w zale\u017cno\u015bci od pory roku.Kiedy przez wiele miesi\u0119cy ich nie u\u017cywamy, warto wiedzie\u0107, jak przechowywa\u0107 nasz\u0105 puchow\u0105 po\u015bciel, aby zachowa\u0142a spr\u0119\u017cysto\u015b\u0107 i nie straci\u0142a otulaj\u0105cej puszysto\u015bci. Dlaczego warto prawid\u0142owo przechowywa\u0107 ko\u0142dry i poduszki z [&hellip;]","og_url":"https:\/\/www.emkap1926.com\/eu\/jak-przechowywac-koldry-i-poduszki-z-gesiego-puchu\/?wmc-currency=EUR","og_site_name":"Emkap1926","article_publisher":"https:\/\/www.facebook.com\/emkap1926","article_published_time":"2023-07-11T17:24:20+00:00","article_modified_time":"2026-02-12T15:16:38+00:00","og_image":[{"width":1332,"height":976,"url":"https:\/\/www.emkap1926.com\/wp-content\/uploads\/2023\/06\/Emkap1926-Jak-przechowywac-koldry-i-poduszki-z-gesiego-puchu.jpg","type":"image\/jpeg"}],"author":"Joanna Byrt","twitter_card":"summary_large_image","twitter_misc":{"Written by":"Joanna Byrt","Estimated reading time":"2 minutes"},"schema":{"@context":"https:\/\/schema.org","@graph":[{"@type":"Article","@id":"https:\/\/www.emkap1926.com\/jak-przechowywac-koldry-i-poduszki-z-gesiego-puchu\/#article","isPartOf":{"@id":"https:\/\/www.emkap1926.com\/jak-przechowywac-koldry-i-poduszki-z-gesiego-puchu\/"},"author":{"name":"Joanna Byrt","@id":"https:\/\/www.emkap1926.com\/#\/schema\/person\/f37a0408af7e26387482fc0b74f6c4e5"},"headline":"Jak przechowywa\u0107 ko\u0142dry i poduszki z g\u0119siego puchu?","datePublished":"2023-07-11T17:24:20+00:00","dateModified":"2026-02-12T15:16:38+00:00","mainEntityOfPage":{"@id":"https:\/\/www.emkap1926.com\/jak-przechowywac-koldry-i-poduszki-z-gesiego-puchu\/"},"wordCount":408,"commentCount":0,"publisher":{"@id":"https:\/\/www.emkap1926.com\/#organization"},"image":{"@id":"https:\/\/www.emkap1926.com\/jak-przechowywac-koldry-i-poduszki-z-gesiego-puchu\/#primaryimage"},"thumbnailUrl":"https:\/\/www.emkap1926.com\/wp-content\/uploads\/2023\/06\/Emkap1926-Jak-przechowywac-koldry-i-poduszki-z-gesiego-puchu.jpg","articleSection":["Uncategorized"],"inLanguage":"en-GB","potentialAction":[{"@type":"CommentAction","name":"Comment","target":["https:\/\/www.emkap1926.com\/jak-przechowywac-koldry-i-poduszki-z-gesiego-puchu\/#respond"]}]},{"@type":"WebPage","@id":"https:\/\/www.emkap1926.com\/jak-przechowywac-koldry-i-poduszki-z-gesiego-puchu\/","url":"https:\/\/www.emkap1926.com\/jak-przechowywac-koldry-i-poduszki-z-gesiego-puchu\/","name":"Jak przechowywa\u0107 ko\u0142dry i poduszki z g\u0119siego puchu? - Emkap1926","isPartOf":{"@id":"https:\/\/www.emkap1926.com\/#website"},"primaryImageOfPage":{"@id":"https:\/\/www.emkap1926.com\/jak-przechowywac-koldry-i-poduszki-z-gesiego-puchu\/#primaryimage"},"image":{"@id":"https:\/\/www.emkap1926.com\/jak-przechowywac-koldry-i-poduszki-z-gesiego-puchu\/#primaryimage"},"thumbnailUrl":"https:\/\/www.emkap1926.com\/wp-content\/uploads\/2023\/06\/Emkap1926-Jak-przechowywac-koldry-i-poduszki-z-gesiego-puchu.jpg","datePublished":"2023-07-11T17:24:20+00:00","dateModified":"2026-02-12T15:16:38+00:00","breadcrumb":{"@id":"https:\/\/www.emkap1926.com\/jak-przechowywac-koldry-i-poduszki-z-gesiego-puchu\/#breadcrumb"},"inLanguage":"en-GB","potentialAction":[{"@type":"ReadAction","target":["https:\/\/www.emkap1926.com\/jak-przechowywac-koldry-i-poduszki-z-gesiego-puchu\/"]}]},{"@type":"ImageObject","inLanguage":"en-GB","@id":"https:\/\/www.emkap1926.com\/jak-przechowywac-koldry-i-poduszki-z-gesiego-puchu\/#primaryimage","url":"https:\/\/www.emkap1926.com\/wp-content\/uploads\/2023\/06\/Emkap1926-Jak-przechowywac-koldry-i-poduszki-z-gesiego-puchu.jpg","contentUrl":"https:\/\/www.emkap1926.com\/wp-content\/uploads\/2023\/06\/Emkap1926-Jak-przechowywac-koldry-i-poduszki-z-gesiego-puchu.jpg","width":1332,"height":976},{"@type":"BreadcrumbList","@id":"https:\/\/www.emkap1926.com\/jak-przechowywac-koldry-i-poduszki-z-gesiego-puchu\/#breadcrumb","itemListElement":[{"@type":"ListItem","position":1,"name":"Strona g\u0142\u00f3wna","item":"https:\/\/www.emkap1926.com\/"},{"@type":"ListItem","position":2,"name":"Jak przechowywa\u0107 ko\u0142dry i poduszki z g\u0119siego puchu?"}]},{"@type":"WebSite","@id":"https:\/\/www.emkap1926.com\/#website","url":"https:\/\/www.emkap1926.com\/","name":"Emkap1926","description":"Najlepsze r\u0119cznie szyte ko\u0142dry puchowe","publisher":{"@id":"https:\/\/www.emkap1926.com\/#organization"},"potentialAction":[{"@type":"SearchAction","target":{"@type":"EntryPoint","urlTemplate":"https:\/\/www.emkap1926.com\/?s={search_term_string}"},"query-input":{"@type":"PropertyValueSpecification","valueRequired":true,"valueName":"search_term_string"}}],"inLanguage":"en-GB"},{"@type":"Organization","@id":"https:\/\/www.emkap1926.com\/#organization","name":"Emkap1926","url":"https:\/\/www.emkap1926.com\/","logo":{"@type":"ImageObject","inLanguage":"en-GB","@id":"https:\/\/www.emkap1926.com\/#\/schema\/logo\/image\/","url":"https:\/\/www.emkap1926.com\/wp-content\/uploads\/2022\/06\/logo-e1660324865374.jpg","contentUrl":"https:\/\/www.emkap1926.com\/wp-content\/uploads\/2022\/06\/logo-e1660324865374.jpg","width":500,"height":328,"caption":"Emkap1926"},"image":{"@id":"https:\/\/www.emkap1926.com\/#\/schema\/logo\/image\/"},"sameAs":["https:\/\/www.facebook.com\/emkap1926","https:\/\/www.instagram.com\/emkap1926\/"]},{"@type":"Person","@id":"https:\/\/www.emkap1926.com\/#\/schema\/person\/f37a0408af7e26387482fc0b74f6c4e5","name":"Joanna Byrt","description":"Joanna Byrt, ekspertka w dziedzinie neurobiologii snu i promotorka idei zdrowego, pe\u0142nowarto\u015bciowego wypoczynku. Absolwentka specjalistycznych kurs\u00f3w Massachusetts Institute of Technology (MIT) z zakresu neurobiologii snu, obejmuj\u0105cych kom\u00f3rkowe i fizjologiczne mechanizmy reguluj\u0105ce rytm snu i czuwania. Pasjonatka idei slow living i koncepcji slow home \u2013 wierzy, \u017ce zdrowy sen jest fundamentem dobrostanu, a \u015bwiadome kszta\u0142towanie przestrzeni domowej ma realny wp\u0142yw na regeneracj\u0119 uk\u0142adu nerwowego i jako\u015b\u0107 \u017cycia.","url":"https:\/\/www.emkap1926.com\/eu\/author\/joanna-byrt\/"}]}},"_links":{"self":[{"href":"https:\/\/www.emkap1926.com\/eu\/wp-json\/wp\/v2\/posts\/739","targetHints":{"allow":["GET"]}}],"collection":[{"href":"https:\/\/www.emkap1926.com\/eu\/wp-json\/wp\/v2\/posts"}],"about":[{"href":"https:\/\/www.emkap1926.com\/eu\/wp-json\/wp\/v2\/types\/post"}],"author":[{"embeddable":true,"href":"https:\/\/www.emkap1926.com\/eu\/wp-json\/wp\/v2\/users\/8"}],"replies":[{"embeddable":true,"href":"https:\/\/www.emkap1926.com\/eu\/wp-json\/wp\/v2\/comments?post=739"}],"version-history":[{"count":0,"href":"https:\/\/www.emkap1926.com\/eu\/wp-json\/wp\/v2\/posts\/739\/revisions"}],"wp:featuredmedia":[{"embeddable":true,"href":"https:\/\/www.emkap1926.com\/eu\/wp-json\/wp\/v2\/media\/749"}],"wp:attachment":[{"href":"https:\/\/www.emkap1926.com\/eu\/wp-json\/wp\/v2\/media?parent=739"}],"wp:term":[{"taxonomy":"category","embeddable":true,"href":"https:\/\/www.emkap1926.com\/eu\/wp-json\/wp\/v2\/categories?post=739"},{"taxonomy":"post_tag","embeddable":true,"href":"https:\/\/www.emkap1926.com\/eu\/wp-json\/wp\/v2\/tags?post=739"}],"curies":[{"name":"wp","href":"https:\/\/api.w.org\/{rel}","templated":true}]}}